{"id":9916,"date":"2025-05-02T19:09:42","date_gmt":"2025-05-02T17:09:42","guid":{"rendered":"https:\/\/christliche-mitte.de\/?p=9916"},"modified":"2025-05-02T19:09:42","modified_gmt":"2025-05-02T17:09:42","slug":"das-kreuz-steht-waehrend-die-welt-stuerzt","status":"publish","type":"post","link":"https:\/\/christliche-mitte.de\/index.php\/2025\/05\/02\/das-kreuz-steht-waehrend-die-welt-stuerzt\/","title":{"rendered":"Das Kreuz steht, w\u00e4hrend die Welt st\u00fcrzt"},"content":{"rendered":"\n<p>Dieser alte Kart\u00e4user-Spruch gilt heute noch: Das Kreuz auf der Kuppel des restaurierten Berliner Schlosses steht, und im M\u00fcnsteraner Friedenssaal h\u00e4ngt es wieder.<\/p>\n\n\n\n<p>In Wien steht das Kreuz noch, obwohl die Nazis vor 85 Jahren eine Jugend-Kundgebung mit dem Thema \u201eCHRISTUS ist unser F\u00fchrer\u201c schlossen, die im Erzbisch\u00f6flichen Palais stattfand. Schon Paulus stellt fest: \u201eWir verk\u00fcndigen CHRISTUS als Gekreuzigten, f\u00fcr Juden ein emp\u00f6rendes \u00c4rgernis, f\u00fcr Heiden eine Torheit\u201c (1 Kor 24): \u201eGOTTES Kraft und GOTTES Weisheit\u201c. Der Mast im Sturm des umk\u00e4mpften Kirchenschiffes ist das Kreuz. Schon Isaak (1.800 v. CHR.) tr\u00e4gt das Holz auf den Berg, auf dem er geopfert werden soll (1 Mos 22,6). Noch heute wird das Lied vom leidenden Gottesknecht (Jesaja 23) in Synagogen-Gottesdiensten nicht zitiert. Wohl aber von Christen. Und \u00fcber dem Grab des Osnabr\u00fccker Bischofs Franziskus Demann (\u20201957) steht sein Leitwort: \u201eSei gegr\u00fc\u00dft, Kreuz, du unsere einzige Hoffnung.\u201c <br>Buch: <a href=\"https:\/\/christliche-mitte.de\/index.php\/buch-ueber-telefon-oder-per-mail-bestellbar\/\" data-type=\"page\" data-id=\"6540\">Gottes starke T\u00f6chter. Gro\u00dfe Frauen in der Bibel <\/a>(15 \u20ac)<\/p>\n","protected":false},"excerpt":{"rendered":"<p>Dieser alte Kart\u00e4user-Spruch gilt heute noch: Das Kreuz auf der Kuppel des restaurierten Berliner Schlosses steht, und im M\u00fcnsteraner Friedenssaal h\u00e4ngt es wieder. In Wien steht das Kreuz noch, obwohl die Nazis vor 85 Jahren eine Jugend-Kundgebung mit dem Thema \u201eCHRISTUS ist unser F\u00fchrer\u201c schlossen, die im Erzbisch\u00f6flichen Palais stattfand. Schon Paulus stellt fest: \u201eWir&hellip;<\/p>\n","protected":false},"author":1,"featured_media":0,"comment_status":"closed","ping_status":"closed","sticky":false,"template":"","format":"standard","meta":{"footnotes":""},"categories":[3],"tags":[],"class_list":["post-9916","post","type-post","status-publish","format-standard","hentry","category-beitraege","no-post-thumbnail","entry"],"_links":{"self":[{"href":"https:\/\/christliche-mitte.de\/index.php\/wp-json\/wp\/v2\/posts\/9916","targetHints":{"allow":["GET"]}}],"collection":[{"href":"https:\/\/christliche-mitte.de\/index.php\/wp-json\/wp\/v2\/posts"}],"about":[{"href":"https:\/\/christliche-mitte.de\/index.php\/wp-json\/wp\/v2\/types\/post"}],"author":[{"embeddable":true,"href":"https:\/\/christliche-mitte.de\/index.php\/wp-json\/wp\/v2\/users\/1"}],"replies":[{"embeddable":true,"href":"https:\/\/christliche-mitte.de\/index.php\/wp-json\/wp\/v2\/comments?post=9916"}],"version-history":[{"count":1,"href":"https:\/\/christliche-mitte.de\/index.php\/wp-json\/wp\/v2\/posts\/9916\/revisions"}],"predecessor-version":[{"id":9917,"href":"https:\/\/christliche-mitte.de\/index.php\/wp-json\/wp\/v2\/posts\/9916\/revisions\/9917"}],"wp:attachment":[{"href":"https:\/\/christliche-mitte.de\/index.php\/wp-json\/wp\/v2\/media?parent=9916"}],"wp:term":[{"taxonomy":"category","embeddable":true,"href":"https:\/\/christliche-mitte.de\/index.php\/wp-json\/wp\/v2\/categories?post=9916"},{"taxonomy":"post_tag","embeddable":true,"href":"https:\/\/christliche-mitte.de\/index.php\/wp-json\/wp\/v2\/tags?post=9916"}],"curies":[{"name":"wp","href":"https:\/\/api.w.org\/{rel}","templated":true}]}}