{"id":9911,"date":"2025-05-02T19:04:37","date_gmt":"2025-05-02T17:04:37","guid":{"rendered":"https:\/\/christliche-mitte.de\/?p=9911"},"modified":"2025-05-02T19:04:38","modified_gmt":"2025-05-02T17:04:38","slug":"deutschland-ist-aufgewacht","status":"publish","type":"post","link":"https:\/\/christliche-mitte.de\/index.php\/2025\/05\/02\/deutschland-ist-aufgewacht\/","title":{"rendered":"Deutschland ist aufgewacht"},"content":{"rendered":"\n<p>Die Bundeswehr schult derzeit Unternehmen, wie sie sich auf einen Krieg vorbereiten k\u00f6nnen.<\/p>\n\n\n\n<p>Denn nicht nur die Kampf-Ansage der USA gegen\u00fcber der EU auf der M\u00fcnchner Sicherheits-Konferenz im Februar 2025 verlangt eine Neu-Orientierung der deutschen Au\u00dfenpolitik. Auch die mysteri\u00f6sen Drohnen, die vermehrt \u00fcber Deutschland auftauchen, lassen die Vermutung wachsen, da\u00df Deutschland bald ins milit\u00e4rische Visier der Russen genommen wird. Dann das Problem in der Ost-See mit der russischen \u201eSchattenflotte\u201c: An deutschen Schiffen werden gewaltsame Sch\u00e4den entdeckt. Dann weiter: Mysteri\u00f6ses Anwerben durch Fremde f\u00fcr Sachbesch\u00e4digungen in Deutschland: F\u00fcr die Verteidigung Deutschlands beschlo\u00df die Bundesregierung daher einen Etat von einer Billion Euro, wof\u00fcr die Schuldenbremse teilweise au\u00dfer Kraft gesetzt wurde. Wer jetzt noch nicht um Frieden betet, ist naiv. <br>Buch: <a href=\"https:\/\/christliche-mitte.de\/index.php\/buch-ueber-telefon-oder-per-mail-bestellbar\/\" data-type=\"page\" data-id=\"6540\">Zwischen den Fronten: Erlebte Weltgeschichte<\/a> (15 \u20ac)<\/p>\n","protected":false},"excerpt":{"rendered":"<p>Die Bundeswehr schult derzeit Unternehmen, wie sie sich auf einen Krieg vorbereiten k\u00f6nnen. Denn nicht nur die Kampf-Ansage der USA gegen\u00fcber der EU auf der M\u00fcnchner Sicherheits-Konferenz im Februar 2025 verlangt eine Neu-Orientierung der deutschen Au\u00dfenpolitik. Auch die mysteri\u00f6sen Drohnen, die vermehrt \u00fcber Deutschland auftauchen, lassen die Vermutung wachsen, da\u00df Deutschland bald ins milit\u00e4rische Visier&hellip;<\/p>\n","protected":false},"author":1,"featured_media":0,"comment_status":"closed","ping_status":"closed","sticky":false,"template":"","format":"standard","meta":{"footnotes":""},"categories":[3],"tags":[],"class_list":["post-9911","post","type-post","status-publish","format-standard","hentry","category-beitraege","no-post-thumbnail","entry"],"_links":{"self":[{"href":"https:\/\/christliche-mitte.de\/index.php\/wp-json\/wp\/v2\/posts\/9911","targetHints":{"allow":["GET"]}}],"collection":[{"href":"https:\/\/christliche-mitte.de\/index.php\/wp-json\/wp\/v2\/posts"}],"about":[{"href":"https:\/\/christliche-mitte.de\/index.php\/wp-json\/wp\/v2\/types\/post"}],"author":[{"embeddable":true,"href":"https:\/\/christliche-mitte.de\/index.php\/wp-json\/wp\/v2\/users\/1"}],"replies":[{"embeddable":true,"href":"https:\/\/christliche-mitte.de\/index.php\/wp-json\/wp\/v2\/comments?post=9911"}],"version-history":[{"count":1,"href":"https:\/\/christliche-mitte.de\/index.php\/wp-json\/wp\/v2\/posts\/9911\/revisions"}],"predecessor-version":[{"id":9912,"href":"https:\/\/christliche-mitte.de\/index.php\/wp-json\/wp\/v2\/posts\/9911\/revisions\/9912"}],"wp:attachment":[{"href":"https:\/\/christliche-mitte.de\/index.php\/wp-json\/wp\/v2\/media?parent=9911"}],"wp:term":[{"taxonomy":"category","embeddable":true,"href":"https:\/\/christliche-mitte.de\/index.php\/wp-json\/wp\/v2\/categories?post=9911"},{"taxonomy":"post_tag","embeddable":true,"href":"https:\/\/christliche-mitte.de\/index.php\/wp-json\/wp\/v2\/tags?post=9911"}],"curies":[{"name":"wp","href":"https:\/\/api.w.org\/{rel}","templated":true}]}}