{"id":9803,"date":"2025-02-01T20:25:49","date_gmt":"2025-02-01T19:25:49","guid":{"rendered":"https:\/\/christliche-mitte.de\/?p=9803"},"modified":"2025-02-01T20:45:41","modified_gmt":"2025-02-01T19:45:41","slug":"das-erbe-der-ampel","status":"publish","type":"post","link":"https:\/\/christliche-mitte.de\/index.php\/2025\/02\/01\/das-erbe-der-ampel\/","title":{"rendered":"Das Erbe der &#8222;Ampel&#8220;"},"content":{"rendered":"\n<p>Ein Jugendlicher von 14 Jahren, der sich im falschen K\u00f6rper \u201ef\u00fchlt\u201c, kann sein Geschlecht \u201e\u00e4ndern\u201c.<\/p>\n\n\n\n<p><strong>Notfalls mit Hilfe des Familien-Gerichts gegen den Willen seiner Eltern.<\/strong> Daf\u00fcr braucht er nicht einmal ein psychologisches Gutachten. Diesen Sprengstoff hinterl\u00e4\u00dft die Ampel. Unwissenschaftlich und ideologisch.<\/p>\n\n\n\n<p><strong>Die dreimonatige Bedenkzeit eines \u201e\u00c4nderungswilligen\u201c \u00e4n\u00addert nichts daran, da\u00df die Ampel junge Menschen verf\u00fchrt und psychisch kaputtmacht.<\/strong> Familien werden zerrissen. <br><strong>Der Staat macht sich l\u00e4cherlich.<\/strong> Schon S\u00e4uglinge k\u00f6nnen mit ver\u00e4ndertem Geschlecht von den Eltern ins Geburtsregister eingetragen werden ohne \u00dcberpr\u00fcfung. Ab 14 bestimmt das Kind selbst \u00fcber sein Geschlecht.<\/p>\n\n\n\n<p>Buch: <strong><a href=\"https:\/\/christliche-mitte.de\/index.php\/buch-ueber-telefon-oder-per-mail-bestellbar\/\" data-type=\"page\" data-id=\"6540\">Blasphemie: Angriffe auf Kultur und Christentum<\/a><\/strong> (15 \u20ac)<\/p>\n","protected":false},"excerpt":{"rendered":"<p>Ein Jugendlicher von 14 Jahren, der sich im falschen K\u00f6rper \u201ef\u00fchlt\u201c, kann sein Geschlecht \u201e\u00e4ndern\u201c. Notfalls mit Hilfe des Familien-Gerichts gegen den Willen seiner Eltern. Daf\u00fcr braucht er nicht einmal ein psychologisches Gutachten. Diesen Sprengstoff hinterl\u00e4\u00dft die Ampel. Unwissenschaftlich und ideologisch. Die dreimonatige Bedenkzeit eines \u201e\u00c4nderungswilligen\u201c \u00e4n\u00addert nichts daran, da\u00df die Ampel junge Menschen verf\u00fchrt&hellip;<\/p>\n","protected":false},"author":1,"featured_media":9806,"comment_status":"closed","ping_status":"closed","sticky":false,"template":"","format":"standard","meta":{"footnotes":""},"categories":[75,54,72,4],"tags":[],"class_list":["post-9803","post","type-post","status-publish","format-standard","has-post-thumbnail","hentry","category-familie","category-gender-sexualitaet","category-informationen-aus-der-politik","category-kurier-der-christlichen-mitte","entry"],"_links":{"self":[{"href":"https:\/\/christliche-mitte.de\/index.php\/wp-json\/wp\/v2\/posts\/9803","targetHints":{"allow":["GET"]}}],"collection":[{"href":"https:\/\/christliche-mitte.de\/index.php\/wp-json\/wp\/v2\/posts"}],"about":[{"href":"https:\/\/christliche-mitte.de\/index.php\/wp-json\/wp\/v2\/types\/post"}],"author":[{"embeddable":true,"href":"https:\/\/christliche-mitte.de\/index.php\/wp-json\/wp\/v2\/users\/1"}],"replies":[{"embeddable":true,"href":"https:\/\/christliche-mitte.de\/index.php\/wp-json\/wp\/v2\/comments?post=9803"}],"version-history":[{"count":1,"href":"https:\/\/christliche-mitte.de\/index.php\/wp-json\/wp\/v2\/posts\/9803\/revisions"}],"predecessor-version":[{"id":9804,"href":"https:\/\/christliche-mitte.de\/index.php\/wp-json\/wp\/v2\/posts\/9803\/revisions\/9804"}],"wp:featuredmedia":[{"embeddable":true,"href":"https:\/\/christliche-mitte.de\/index.php\/wp-json\/wp\/v2\/media\/9806"}],"wp:attachment":[{"href":"https:\/\/christliche-mitte.de\/index.php\/wp-json\/wp\/v2\/media?parent=9803"}],"wp:term":[{"taxonomy":"category","embeddable":true,"href":"https:\/\/christliche-mitte.de\/index.php\/wp-json\/wp\/v2\/categories?post=9803"},{"taxonomy":"post_tag","embeddable":true,"href":"https:\/\/christliche-mitte.de\/index.php\/wp-json\/wp\/v2\/tags?post=9803"}],"curies":[{"name":"wp","href":"https:\/\/api.w.org\/{rel}","templated":true}]}}