{"id":9719,"date":"2025-01-25T12:13:32","date_gmt":"2025-01-25T11:13:32","guid":{"rendered":"https:\/\/christliche-mitte.de\/?p=9719"},"modified":"2025-01-27T21:14:24","modified_gmt":"2025-01-27T20:14:24","slug":"2025","status":"publish","type":"post","link":"https:\/\/christliche-mitte.de\/index.php\/2025\/01\/25\/2025\/","title":{"rendered":"2025"},"content":{"rendered":"\n<p>Hier finden Sie die Gebetsanliegen f\u00fcr das aktuelle Jahr.<\/p>\n\n\n\n<div class=\"wp-block-media-text alignwide has-media-on-the-right is-vertically-aligned-top has-background\" style=\"background-color:#aeb194;grid-template-columns:auto 38%\"><div class=\"wp-block-media-text__content\">\n<p class=\"has-text-align-left\" style=\"font-size:30px\"><strong>Beten Sie mit uns<\/strong><\/p>\n\n\n\n<p class=\"has-text-align-center has-very-dark-gray-color has-text-color\" style=\"font-size:34px\"><strong>Monat Dezember 2025<\/strong><\/p>\n\n\n\n<p class=\"has-text-align-left has-very-light-gray-color has-text-color has-background has-normal-font-size\" style=\"background-color:#677457\">Das g\u00f6ttliche Kind m\u00f6ge alle ungeborenen Kinder besch\u00fctzen<\/p>\n<\/div><figure class=\"wp-block-media-text__media\"><img loading=\"lazy\" decoding=\"async\" width=\"299\" height=\"410\" src=\"https:\/\/christliche-mitte.de\/wp-content\/uploads\/2018\/07\/betende_haende-299.jpg\" alt=\"\" class=\"wp-image-1591 size-full\"\/><\/figure><\/div>\n\n\n\n<div class=\"wp-block-media-text alignwide has-media-on-the-right is-vertically-aligned-top has-background\" style=\"background-color:#aeb194;grid-template-columns:auto 38%\"><div class=\"wp-block-media-text__content\">\n<p class=\"has-text-align-left\" style=\"font-size:30px\"><strong>Beten Sie mit uns<\/strong><\/p>\n\n\n\n<p class=\"has-text-align-center has-very-dark-gray-color has-text-color\" style=\"font-size:34px\"><strong>Monat November 2025<\/strong><\/p>\n\n\n\n<p class=\"has-text-align-left has-very-light-gray-color has-text-color has-background has-normal-font-size\" style=\"background-color:#677457\">Beter k\u00f6nnen die Barmherzigkeit GOTTES f\u00fcr die Verstorbenen erreichen<\/p>\n<\/div><figure class=\"wp-block-media-text__media\"><img loading=\"lazy\" decoding=\"async\" width=\"299\" height=\"410\" src=\"https:\/\/christliche-mitte.de\/wp-content\/uploads\/2018\/07\/betende_haende-299.jpg\" alt=\"\" class=\"wp-image-1591 size-full\"\/><\/figure><\/div>\n\n\n\n<div class=\"wp-block-media-text alignwide has-media-on-the-right is-vertically-aligned-top has-background\" style=\"background-color:#aeb194;grid-template-columns:auto 38%\"><div class=\"wp-block-media-text__content\">\n<p class=\"has-text-align-left\" style=\"font-size:30px\"><strong>Beten Sie mit uns<\/strong><\/p>\n\n\n\n<p class=\"has-text-align-center has-very-dark-gray-color has-text-color\" style=\"font-size:34px\"><strong>Monat Oktober 2025<\/strong><\/p>\n\n\n\n<p class=\"has-text-align-left has-very-light-gray-color has-text-color has-background has-normal-font-size\" style=\"background-color:#677457\">Der Rosenkranz m\u00f6ge als Meditations-Hilfe zum Leben JESU erkannt werden<\/p>\n<\/div><figure class=\"wp-block-media-text__media\"><img loading=\"lazy\" decoding=\"async\" width=\"299\" height=\"410\" src=\"https:\/\/christliche-mitte.de\/wp-content\/uploads\/2018\/07\/betende_haende-299.jpg\" alt=\"\" class=\"wp-image-1591 size-full\"\/><\/figure><\/div>\n\n\n\n<div class=\"wp-block-media-text alignwide has-media-on-the-right is-vertically-aligned-top has-background\" style=\"background-color:#aeb194;grid-template-columns:auto 38%\"><div class=\"wp-block-media-text__content\">\n<p class=\"has-text-align-left\" style=\"font-size:30px\"><strong>Beten Sie mit uns<\/strong><\/p>\n\n\n\n<p class=\"has-text-align-center has-very-dark-gray-color has-text-color\" style=\"font-size:34px\"><strong>Monat September 2025<\/strong><\/p>\n\n\n\n<p class=\"has-text-align-left has-very-light-gray-color has-text-color has-background has-normal-font-size\" style=\"background-color:#677457\">Die Engel m\u00f6gen verehrt werden, da GOTTES Glanz in ihnen ruht<\/p>\n<\/div><figure class=\"wp-block-media-text__media\"><img loading=\"lazy\" decoding=\"async\" width=\"299\" height=\"410\" src=\"https:\/\/christliche-mitte.de\/wp-content\/uploads\/2018\/07\/betende_haende-299.jpg\" alt=\"\" class=\"wp-image-1591 size-full\"\/><\/figure><\/div>\n\n\n\n<div class=\"wp-block-media-text alignwide has-media-on-the-right is-vertically-aligned-top has-background\" style=\"background-color:#aeb194;grid-template-columns:auto 38%\"><div class=\"wp-block-media-text__content\">\n<p class=\"has-text-align-left\" style=\"font-size:30px\"><strong>Beten Sie mit uns<\/strong><\/p>\n\n\n\n<p class=\"has-text-align-center has-very-dark-gray-color has-text-color\" style=\"font-size:34px\"><strong>Monat August 2025<\/strong><\/p>\n\n\n\n<p class=\"has-text-align-left has-very-light-gray-color has-text-color has-background has-normal-font-size\" style=\"background-color:#677457\">Maria werde von allen als Hinf\u00fchrerin zu JESUS erkannt<\/p>\n<\/div><figure class=\"wp-block-media-text__media\"><img loading=\"lazy\" decoding=\"async\" width=\"299\" height=\"410\" src=\"https:\/\/christliche-mitte.de\/wp-content\/uploads\/2018\/07\/betende_haende-299.jpg\" alt=\"\" class=\"wp-image-1591 size-full\"\/><\/figure><\/div>\n\n\n\n<div class=\"wp-block-media-text alignwide has-media-on-the-right is-vertically-aligned-top has-background\" style=\"background-color:#aeb194;grid-template-columns:auto 38%\"><div class=\"wp-block-media-text__content\">\n<p class=\"has-text-align-left\" style=\"font-size:30px\"><strong>Beten Sie mit uns<\/strong><\/p>\n\n\n\n<p class=\"has-text-align-center has-very-dark-gray-color has-text-color\" style=\"font-size:34px\"><strong>Monat Juli 2025<\/strong><\/p>\n\n\n\n<p class=\"has-text-align-left has-very-light-gray-color has-text-color has-background has-normal-font-size\" style=\"background-color:#677457\">Da\u00df der Wert des kostbaren Erl\u00f6ser-Blutes JESU CHRISTI von allen erkannt werde<\/p>\n<\/div><figure class=\"wp-block-media-text__media\"><img loading=\"lazy\" decoding=\"async\" width=\"299\" height=\"410\" src=\"https:\/\/christliche-mitte.de\/wp-content\/uploads\/2018\/07\/betende_haende-299.jpg\" alt=\"\" class=\"wp-image-1591 size-full\"\/><\/figure><\/div>\n\n\n\n<div class=\"wp-block-media-text alignwide has-media-on-the-right is-vertically-aligned-top has-background\" style=\"background-color:#aeb194;grid-template-columns:auto 38%\"><div class=\"wp-block-media-text__content\">\n<p class=\"has-text-align-left\" style=\"font-size:30px\"><strong>Beten Sie mit uns<\/strong><\/p>\n\n\n\n<p class=\"has-text-align-center has-very-dark-gray-color has-text-color\" style=\"font-size:34px\"><strong>Monat Juni 2025<\/strong><\/p>\n\n\n\n<p class=\"has-text-align-left has-very-light-gray-color has-text-color has-background has-normal-font-size\" style=\"background-color:#677457\">Um den inneren und \u00e4u\u00dferen Frieden weltweit<\/p>\n<\/div><figure class=\"wp-block-media-text__media\"><img loading=\"lazy\" decoding=\"async\" width=\"299\" height=\"410\" src=\"https:\/\/christliche-mitte.de\/wp-content\/uploads\/2018\/07\/betende_haende-299.jpg\" alt=\"\" class=\"wp-image-1591 size-full\"\/><\/figure><\/div>\n\n\n\n<div class=\"wp-block-media-text alignwide has-media-on-the-right is-vertically-aligned-top has-background\" style=\"background-color:#aeb194;grid-template-columns:auto 38%\"><div class=\"wp-block-media-text__content\">\n<p class=\"has-text-align-left\" style=\"font-size:30px\"><strong>Beten Sie mit uns<\/strong><\/p>\n\n\n\n<p class=\"has-text-align-center has-very-dark-gray-color has-text-color\" style=\"font-size:34px\"><strong>Monat Mai 2025<\/strong><\/p>\n\n\n\n<p class=\"has-text-align-left has-very-light-gray-color has-text-color has-background has-normal-font-size\" style=\"background-color:#677457\">Da\u00df der Blick auf das einzige Leben mit GOTT uns mit Zuversicht erf\u00fcllt<\/p>\n<\/div><figure class=\"wp-block-media-text__media\"><img loading=\"lazy\" decoding=\"async\" width=\"299\" height=\"410\" src=\"https:\/\/christliche-mitte.de\/wp-content\/uploads\/2018\/07\/betende_haende-299.jpg\" alt=\"\" class=\"wp-image-1591 size-full\"\/><\/figure><\/div>\n\n\n\n<div class=\"wp-block-media-text alignwide has-media-on-the-right is-vertically-aligned-top has-background\" style=\"background-color:#aeb194;grid-template-columns:auto 38%\"><div class=\"wp-block-media-text__content\">\n<p class=\"has-text-align-left\" style=\"font-size:30px\"><strong>Beten Sie mit uns<\/strong><\/p>\n\n\n\n<p class=\"has-text-align-center has-very-dark-gray-color has-text-color\" style=\"font-size:34px\"><strong>Monat April 2025<\/strong><\/p>\n\n\n\n<p class=\"has-text-align-left has-very-light-gray-color has-text-color has-background has-normal-font-size\" style=\"background-color:#677457\">Da\u00df alle Christen den Glauben an den Auferstandenen bekr\u00e4ftigen<\/p>\n<\/div><figure class=\"wp-block-media-text__media\"><img loading=\"lazy\" decoding=\"async\" width=\"299\" height=\"410\" src=\"https:\/\/christliche-mitte.de\/wp-content\/uploads\/2018\/07\/betende_haende-299.jpg\" alt=\"\" class=\"wp-image-1591 size-full\"\/><\/figure><\/div>\n\n\n\n<div class=\"wp-block-media-text alignwide has-media-on-the-right is-vertically-aligned-top has-background\" style=\"background-color:#aeb194;grid-template-columns:auto 38%\"><div class=\"wp-block-media-text__content\">\n<p class=\"has-text-align-left\" style=\"font-size:30px\"><strong>Beten Sie mit uns<\/strong><\/p>\n\n\n\n<p class=\"has-text-align-center has-very-dark-gray-color has-text-color\" style=\"font-size:34px\"><strong>Monat M\u00e4rz 2025<\/strong><\/p>\n\n\n\n<p class=\"has-text-align-left has-very-light-gray-color has-text-color has-background has-normal-font-size\" style=\"background-color:#677457\">Da\u00df die Fastenzeit aus Liebe zum Verzicht f\u00fcr Menschen in Not dient<\/p>\n<\/div><figure class=\"wp-block-media-text__media\"><img loading=\"lazy\" decoding=\"async\" width=\"299\" height=\"410\" src=\"https:\/\/christliche-mitte.de\/wp-content\/uploads\/2018\/07\/betende_haende-299.jpg\" alt=\"\" class=\"wp-image-1591 size-full\"\/><\/figure><\/div>\n\n\n\n<div class=\"wp-block-media-text alignwide has-media-on-the-right is-vertically-aligned-top has-background\" style=\"background-color:#aeb194;grid-template-columns:auto 38%\"><div class=\"wp-block-media-text__content\">\n<p class=\"has-text-align-left\" style=\"font-size:30px\"><strong>Beten Sie mit uns<\/strong><\/p>\n\n\n\n<p class=\"has-text-align-center has-very-dark-gray-color has-text-color\" style=\"font-size:34px\"><strong>Monat Februar 2025<\/strong><\/p>\n\n\n\n<p class=\"has-text-align-left has-very-light-gray-color has-text-color has-background has-normal-font-size\" style=\"background-color:#677457\">Da\u00df alle Menschen das Vaterunser beten<\/p>\n<\/div><figure class=\"wp-block-media-text__media\"><img loading=\"lazy\" decoding=\"async\" width=\"299\" height=\"410\" src=\"https:\/\/christliche-mitte.de\/wp-content\/uploads\/2018\/07\/betende_haende-299.jpg\" alt=\"\" class=\"wp-image-1591 size-full\"\/><\/figure><\/div>\n\n\n\n<div class=\"wp-block-media-text alignwide has-media-on-the-right is-vertically-aligned-top has-background\" style=\"background-color:#aeb194;grid-template-columns:auto 38%\"><div class=\"wp-block-media-text__content\">\n<p class=\"has-text-align-left\" style=\"font-size:30px\"><strong>Beten Sie mit uns<\/strong><\/p>\n\n\n\n<p class=\"has-text-align-center has-very-dark-gray-color has-text-color\" style=\"font-size:34px\"><strong>Monat Januar 2025<\/strong><\/p>\n\n\n\n<p class=\"has-text-align-left has-very-light-gray-color has-text-color has-background has-normal-font-size\" style=\"background-color:#677457\">F\u00fcr die Menschheits- und die GOTTES-Familie<\/p>\n<\/div><figure class=\"wp-block-media-text__media\"><img loading=\"lazy\" decoding=\"async\" width=\"299\" height=\"410\" src=\"https:\/\/christliche-mitte.de\/wp-content\/uploads\/2018\/07\/betende_haende-299.jpg\" alt=\"\" class=\"wp-image-1591 size-full\"\/><\/figure><\/div>\n","protected":false},"excerpt":{"rendered":"<p>Hier finden Sie die Gebets-Anliegen f\u00fcr das aktuelle Jahr.<\/p>\n","protected":false},"author":1,"featured_media":1591,"comment_status":"closed","ping_status":"closed","sticky":false,"template":"","format":"standard","meta":{"footnotes":""},"categories":[345],"tags":[],"class_list":["post-9719","post","type-post","status-publish","format-standard","has-post-thumbnail","hentry","category-gebets-anliegen","entry"],"_links":{"self":[{"href":"https:\/\/christliche-mitte.de\/index.php\/wp-json\/wp\/v2\/posts\/9719","targetHints":{"allow":["GET"]}}],"collection":[{"href":"https:\/\/christliche-mitte.de\/index.php\/wp-json\/wp\/v2\/posts"}],"about":[{"href":"https:\/\/christliche-mitte.de\/index.php\/wp-json\/wp\/v2\/types\/post"}],"author":[{"embeddable":true,"href":"https:\/\/christliche-mitte.de\/index.php\/wp-json\/wp\/v2\/users\/1"}],"replies":[{"embeddable":true,"href":"https:\/\/christliche-mitte.de\/index.php\/wp-json\/wp\/v2\/comments?post=9719"}],"version-history":[{"count":4,"href":"https:\/\/christliche-mitte.de\/index.php\/wp-json\/wp\/v2\/posts\/9719\/revisions"}],"predecessor-version":[{"id":9744,"href":"https:\/\/christliche-mitte.de\/index.php\/wp-json\/wp\/v2\/posts\/9719\/revisions\/9744"}],"wp:featuredmedia":[{"embeddable":true,"href":"https:\/\/christliche-mitte.de\/index.php\/wp-json\/wp\/v2\/media\/1591"}],"wp:attachment":[{"href":"https:\/\/christliche-mitte.de\/index.php\/wp-json\/wp\/v2\/media?parent=9719"}],"wp:term":[{"taxonomy":"category","embeddable":true,"href":"https:\/\/christliche-mitte.de\/index.php\/wp-json\/wp\/v2\/categories?post=9719"},{"taxonomy":"post_tag","embeddable":true,"href":"https:\/\/christliche-mitte.de\/index.php\/wp-json\/wp\/v2\/tags?post=9719"}],"curies":[{"name":"wp","href":"https:\/\/api.w.org\/{rel}","templated":true}]}}