{"id":9701,"date":"2025-01-25T12:08:35","date_gmt":"2025-01-25T11:08:35","guid":{"rendered":"https:\/\/christliche-mitte.de\/?p=9701"},"modified":"2025-01-27T20:46:39","modified_gmt":"2025-01-27T19:46:39","slug":"gebets-anliegen-2024","status":"publish","type":"post","link":"https:\/\/christliche-mitte.de\/index.php\/2025\/01\/25\/gebets-anliegen-2024\/","title":{"rendered":"2024"},"content":{"rendered":"\n<p>Hier finden Sie die Gebetsanliegen aus dem Jahr 2024.<\/p>\n\n\n\n<div class=\"wp-block-media-text alignwide has-media-on-the-right is-stacked-on-mobile is-vertically-aligned-top has-background\" style=\"background-color:#aeb194;grid-template-columns:auto 36%\"><div class=\"wp-block-media-text__content\">\n<p class=\"has-text-align-center has-very-dark-gray-color has-text-color\" style=\"font-size:30px\"><strong>Beten Sie mit uns<\/strong><\/p>\n\n\n\n<p class=\"has-text-align-center has-very-dark-gray-color has-text-color\" style=\"font-size:30px\"><strong>Monat Dezember 2024<\/strong><\/p>\n\n\n\n<p class=\"has-white-color has-text-color has-background\" style=\"background-color:#677457\">Schenke allen Katholiken Demut und Selbstlosigkeit, damit sie dem Kind in der Krippe \u00e4hnlich werden<\/p>\n<\/div><figure class=\"wp-block-media-text__media\"><img loading=\"lazy\" decoding=\"async\" width=\"200\" height=\"274\" src=\"https:\/\/christliche-mitte.de\/wp-content\/uploads\/2018\/07\/betende_haende-200.jpg\" alt=\"\" class=\"wp-image-1590 size-full\"\/><\/figure><\/div>\n\n\n\n<p><\/p>\n\n\n\n<div class=\"wp-block-media-text alignwide has-media-on-the-right is-stacked-on-mobile is-vertically-aligned-top has-background\" style=\"background-color:#aeb194;grid-template-columns:auto 36%\"><div class=\"wp-block-media-text__content\">\n<p class=\"has-text-align-center has-very-dark-gray-color has-text-color\" style=\"font-size:30px\"><strong>Beten Sie mit uns<\/strong><\/p>\n\n\n\n<p class=\"has-text-align-center has-very-dark-gray-color has-text-color\" style=\"font-size:30px\"><strong>Monat November 2024<\/strong><\/p>\n\n\n\n<p class=\"has-white-color has-text-color has-background\" style=\"background-color:#677457\">O Herr, hilf, da\u00df alle Katholiken in Fr\u00f6mmigkeit und Barmherzigkeit wachsen<\/p>\n<\/div><figure class=\"wp-block-media-text__media\"><img loading=\"lazy\" decoding=\"async\" width=\"200\" height=\"274\" src=\"https:\/\/christliche-mitte.de\/wp-content\/uploads\/2018\/07\/betende_haende-200.jpg\" alt=\"\" class=\"wp-image-1590 size-full\"\/><\/figure><\/div>\n\n\n\n<p><\/p>\n\n\n\n<div class=\"wp-block-media-text alignwide has-media-on-the-right is-stacked-on-mobile is-vertically-aligned-top has-background\" style=\"background-color:#aeb194;grid-template-columns:auto 36%\"><div class=\"wp-block-media-text__content\">\n<p class=\"has-text-align-center has-very-dark-gray-color has-text-color\" style=\"font-size:30px\"><strong>Beten Sie mit uns<\/strong><\/p>\n\n\n\n<p class=\"has-text-align-center has-very-dark-gray-color has-text-color\" style=\"font-size:30px\"><strong>Monat Oktober 2024<\/strong><\/p>\n\n\n\n<p class=\"has-white-color has-text-color has-background\" style=\"background-color:#677457\">La\u00df, o GOTT, siich alle Menschen unter den Schutz der Muttergottes stellen<\/p>\n<\/div><figure class=\"wp-block-media-text__media\"><img loading=\"lazy\" decoding=\"async\" width=\"200\" height=\"274\" src=\"https:\/\/christliche-mitte.de\/wp-content\/uploads\/2018\/07\/betende_haende-200.jpg\" alt=\"\" class=\"wp-image-1590 size-full\"\/><\/figure><\/div>\n\n\n\n<p><\/p>\n\n\n\n<div class=\"wp-block-media-text alignwide has-media-on-the-right is-stacked-on-mobile is-vertically-aligned-top has-background\" style=\"background-color:#aeb194;grid-template-columns:auto 36%\"><div class=\"wp-block-media-text__content\">\n<p class=\"has-text-align-center has-very-dark-gray-color has-text-color\" style=\"font-size:30px\"><strong>Beten Sie mit uns<\/strong><\/p>\n\n\n\n<p class=\"has-text-align-center has-very-dark-gray-color has-text-color\" style=\"font-size:30px\"><strong>Monat September 2024<\/strong><\/p>\n\n\n\n<p class=\"has-white-color has-text-color has-background\" style=\"background-color:#677457\">Gib dem Papst, den Bisch\u00f6fen und den Gl\u00e4ubigen ie GNADE der Bekehrung<\/p>\n<\/div><figure class=\"wp-block-media-text__media\"><img loading=\"lazy\" decoding=\"async\" width=\"200\" height=\"274\" src=\"https:\/\/christliche-mitte.de\/wp-content\/uploads\/2018\/07\/betende_haende-200.jpg\" alt=\"\" class=\"wp-image-1590 size-full\"\/><\/figure><\/div>\n\n\n\n<p><\/p>\n\n\n\n<div class=\"wp-block-media-text alignwide has-media-on-the-right is-stacked-on-mobile is-vertically-aligned-top has-background\" style=\"background-color:#aeb194;grid-template-columns:auto 36%\"><div class=\"wp-block-media-text__content\">\n<p class=\"has-text-align-center has-very-dark-gray-color has-text-color\" style=\"font-size:30px\"><strong>Beten Sie mit uns<\/strong><\/p>\n\n\n\n<p class=\"has-text-align-center has-very-dark-gray-color has-text-color\" style=\"font-size:30px\"><strong>Monat August 2024<\/strong><\/p>\n\n\n\n<p class=\"has-white-color has-text-color has-background\" style=\"background-color:#677457\">La\u00df, o Herr, die S\u00fcnder in die Beichtst\u00fchle zur\u00fcckkehren<\/p>\n<\/div><figure class=\"wp-block-media-text__media\"><img loading=\"lazy\" decoding=\"async\" width=\"200\" height=\"274\" src=\"https:\/\/christliche-mitte.de\/wp-content\/uploads\/2018\/07\/betende_haende-200.jpg\" alt=\"\" class=\"wp-image-1590 size-full\"\/><\/figure><\/div>\n\n\n\n<p><\/p>\n\n\n\n<div class=\"wp-block-media-text alignwide has-media-on-the-right is-stacked-on-mobile is-vertically-aligned-top has-background\" style=\"background-color:#aeb194;grid-template-columns:auto 36%\"><div class=\"wp-block-media-text__content\">\n<p class=\"has-text-align-center has-very-dark-gray-color has-text-color\" style=\"font-size:30px\"><strong>Beten Sie mit uns<\/strong><\/p>\n\n\n\n<p class=\"has-text-align-center has-very-dark-gray-color has-text-color\" style=\"font-size:30px\"><strong>Monat Juli 2024<\/strong><\/p>\n\n\n\n<p class=\"has-white-color has-text-color has-background\" style=\"background-color:#677457\">Schenke, JESUS, dem &#8222;Kurier&#8220; zahlreiche Abonnenten und Mitstreiter f\u00fcr ein Deutschland nach GOTTES Geboten<\/p>\n<\/div><figure class=\"wp-block-media-text__media\"><img loading=\"lazy\" decoding=\"async\" width=\"200\" height=\"274\" src=\"https:\/\/christliche-mitte.de\/wp-content\/uploads\/2018\/07\/betende_haende-200.jpg\" alt=\"\" class=\"wp-image-1590 size-full\"\/><\/figure><\/div>\n\n\n\n<p><\/p>\n\n\n\n<div class=\"wp-block-media-text alignwide has-media-on-the-right is-stacked-on-mobile is-vertically-aligned-top has-background\" style=\"background-color:#aeb194;grid-template-columns:auto 36%\"><div class=\"wp-block-media-text__content\">\n<p class=\"has-text-align-center has-very-dark-gray-color has-text-color\" style=\"font-size:30px\"><strong>Beten Sie mit uns<\/strong><\/p>\n\n\n\n<p class=\"has-text-align-center has-very-dark-gray-color has-text-color\" style=\"font-size:30px\"><strong>Monat Juni 2024<\/strong><\/p>\n\n\n\n<p class=\"has-white-color has-text-color has-background\" style=\"background-color:#677457\">Herr, sch\u00fctze und verteidige Deine Hl. Kirche und den wahren kath. Glauben <br>gegen jede H\u00e4resie<\/p>\n<\/div><figure class=\"wp-block-media-text__media\"><img loading=\"lazy\" decoding=\"async\" width=\"200\" height=\"274\" src=\"https:\/\/christliche-mitte.de\/wp-content\/uploads\/2018\/07\/betende_haende-200.jpg\" alt=\"\" class=\"wp-image-1590 size-full\"\/><\/figure><\/div>\n\n\n\n<p><\/p>\n\n\n\n<div class=\"wp-block-media-text alignwide has-media-on-the-right is-stacked-on-mobile is-vertically-aligned-top has-background\" style=\"background-color:#aeb194;grid-template-columns:auto 36%\"><div class=\"wp-block-media-text__content\">\n<p class=\"has-text-align-center has-very-dark-gray-color has-text-color\" style=\"font-size:30px\"><strong>Beten Sie mit uns<\/strong><\/p>\n\n\n\n<p class=\"has-text-align-center has-very-dark-gray-color has-text-color\" style=\"font-size:30px\"><strong>Monat Mai 2024<\/strong><\/p>\n\n\n\n<p class=\"has-white-color has-text-color has-background\" style=\"background-color:#677457\">Komm, Hl. Geist, erf\u00fclle die Herzen deiner Gl\u00e4ubigen und das Angesicht der Erde wird neu.<\/p>\n<\/div><figure class=\"wp-block-media-text__media\"><img loading=\"lazy\" decoding=\"async\" width=\"200\" height=\"274\" src=\"https:\/\/christliche-mitte.de\/wp-content\/uploads\/2018\/07\/betende_haende-200.jpg\" alt=\"\" class=\"wp-image-1590 size-full\"\/><\/figure><\/div>\n\n\n\n<p><\/p>\n\n\n\n<div class=\"wp-block-media-text alignwide has-media-on-the-right is-stacked-on-mobile is-vertically-aligned-top has-background\" style=\"background-color:#aeb194;grid-template-columns:auto 36%\"><div class=\"wp-block-media-text__content\">\n<p class=\"has-text-align-center has-very-dark-gray-color has-text-color\" style=\"font-size:30px\"><strong>Beten Sie mit uns<\/strong><\/p>\n\n\n\n<p class=\"has-text-align-center has-very-dark-gray-color has-text-color\" style=\"font-size:30px\"><strong>Monat April 2024<\/strong><\/p>\n\n\n\n<p class=\"has-white-color has-text-color has-background\" style=\"background-color:#677457\">Durch das Zeichen des Kreuzes<br>befreie uns DU, unser GOTT,<br>von unseren Feinden.<\/p>\n<\/div><figure class=\"wp-block-media-text__media\"><img loading=\"lazy\" decoding=\"async\" width=\"200\" height=\"274\" src=\"https:\/\/christliche-mitte.de\/wp-content\/uploads\/2018\/07\/betende_haende-200.jpg\" alt=\"\" class=\"wp-image-1590 size-full\"\/><\/figure><\/div>\n\n\n\n<p><\/p>\n\n\n\n<div class=\"wp-block-media-text alignwide has-media-on-the-right is-stacked-on-mobile is-vertically-aligned-top has-background\" style=\"background-color:#aeb194;grid-template-columns:auto 36%\"><div class=\"wp-block-media-text__content\">\n<p class=\"has-text-align-center has-very-dark-gray-color has-text-color\" style=\"font-size:30px\"><strong>Beten Sie mit uns<\/strong><\/p>\n\n\n\n<p class=\"has-text-align-center has-very-dark-gray-color has-text-color\" style=\"font-size:30px\"><strong>Monat M\u00e4rz 2024<\/strong><\/p>\n\n\n\n<p class=\"has-white-color has-text-color has-background\" style=\"background-color:#677457\">Gew\u00e4hre, o Herr, Deiner Hl. Kirche neue Priester- und Ordensberufungen und verhilf der &#8222;missa tridentina&#8220; zum Sieg.<\/p>\n<\/div><figure class=\"wp-block-media-text__media\"><img loading=\"lazy\" decoding=\"async\" width=\"200\" height=\"274\" src=\"https:\/\/christliche-mitte.de\/wp-content\/uploads\/2018\/07\/betende_haende-200.jpg\" alt=\"\" class=\"wp-image-1590 size-full\"\/><\/figure><\/div>\n\n\n\n<p><\/p>\n\n\n\n<div class=\"wp-block-media-text alignwide has-media-on-the-right is-stacked-on-mobile is-vertically-aligned-top has-background\" style=\"background-color:#aeb194;grid-template-columns:auto 36%\"><div class=\"wp-block-media-text__content\">\n<p class=\"has-text-align-center has-very-dark-gray-color has-text-color\" style=\"font-size:30px\"><strong>Beten Sie mit uns<\/strong><\/p>\n\n\n\n<p class=\"has-text-align-center has-very-dark-gray-color has-text-color\" style=\"font-size:30px\"><strong>Monat Februar 2024<\/strong><\/p>\n\n\n\n<p class=\"has-white-color has-text-color has-background\" style=\"background-color:#677457\">Schenke, Herr JESUS, den Menschen eine gr\u00f6\u00dfere Liebe zum Hl. Me\u00dfopfer und la\u00df sie den Wert <br>Deines Kreuzes-Opfers erkennen.<\/p>\n<\/div><figure class=\"wp-block-media-text__media\"><img loading=\"lazy\" decoding=\"async\" width=\"200\" height=\"274\" src=\"https:\/\/christliche-mitte.de\/wp-content\/uploads\/2018\/07\/betende_haende-200.jpg\" alt=\"\" class=\"wp-image-1590 size-full\"\/><\/figure><\/div>\n\n\n\n<p><\/p>\n\n\n\n<div class=\"wp-block-media-text alignwide has-media-on-the-right is-stacked-on-mobile is-vertically-aligned-top has-background\" style=\"background-color:#aeb194;grid-template-columns:auto 36%\"><div class=\"wp-block-media-text__content\">\n<p class=\"has-text-align-center has-very-dark-gray-color has-text-color\" style=\"font-size:30px\"><strong>Beten Sie mit uns<\/strong><\/p>\n\n\n\n<p class=\"has-text-align-center has-very-dark-gray-color has-text-color\" style=\"font-size:30px\"><strong>Monat Januar 2024<\/strong><\/p>\n\n\n\n<p class=\"has-white-color has-text-color has-background\" style=\"background-color:#677457\">Wir bitten Dich, o GOTT, da\u00df DU<br>unsere Familien und insbesonders <br>das Ehe-Sakrament sch\u00fctzen m\u00f6gest<\/p>\n<\/div><figure class=\"wp-block-media-text__media\"><img loading=\"lazy\" decoding=\"async\" width=\"200\" height=\"274\" src=\"https:\/\/christliche-mitte.de\/wp-content\/uploads\/2018\/07\/betende_haende-200.jpg\" alt=\"\" class=\"wp-image-1590 size-full\"\/><\/figure><\/div>\n","protected":false},"excerpt":{"rendered":"<p>Hier finden Sie die Gebets-Anliegen aus dem Jahr 2024.<\/p>\n","protected":false},"author":1,"featured_media":1591,"comment_status":"closed","ping_status":"closed","sticky":false,"template":"","format":"standard","meta":{"footnotes":""},"categories":[345],"tags":[],"class_list":["post-9701","post","type-post","status-publish","format-standard","has-post-thumbnail","hentry","category-gebets-anliegen","entry"],"_links":{"self":[{"href":"https:\/\/christliche-mitte.de\/index.php\/wp-json\/wp\/v2\/posts\/9701","targetHints":{"allow":["GET"]}}],"collection":[{"href":"https:\/\/christliche-mitte.de\/index.php\/wp-json\/wp\/v2\/posts"}],"about":[{"href":"https:\/\/christliche-mitte.de\/index.php\/wp-json\/wp\/v2\/types\/post"}],"author":[{"embeddable":true,"href":"https:\/\/christliche-mitte.de\/index.php\/wp-json\/wp\/v2\/users\/1"}],"replies":[{"embeddable":true,"href":"https:\/\/christliche-mitte.de\/index.php\/wp-json\/wp\/v2\/comments?post=9701"}],"version-history":[{"count":7,"href":"https:\/\/christliche-mitte.de\/index.php\/wp-json\/wp\/v2\/posts\/9701\/revisions"}],"predecessor-version":[{"id":9731,"href":"https:\/\/christliche-mitte.de\/index.php\/wp-json\/wp\/v2\/posts\/9701\/revisions\/9731"}],"wp:featuredmedia":[{"embeddable":true,"href":"https:\/\/christliche-mitte.de\/index.php\/wp-json\/wp\/v2\/media\/1591"}],"wp:attachment":[{"href":"https:\/\/christliche-mitte.de\/index.php\/wp-json\/wp\/v2\/media?parent=9701"}],"wp:term":[{"taxonomy":"category","embeddable":true,"href":"https:\/\/christliche-mitte.de\/index.php\/wp-json\/wp\/v2\/categories?post=9701"},{"taxonomy":"post_tag","embeddable":true,"href":"https:\/\/christliche-mitte.de\/index.php\/wp-json\/wp\/v2\/tags?post=9701"}],"curies":[{"name":"wp","href":"https:\/\/api.w.org\/{rel}","templated":true}]}}