{"id":9342,"date":"2024-07-27T20:46:10","date_gmt":"2024-07-27T18:46:10","guid":{"rendered":"https:\/\/christliche-mitte.de\/?p=9342"},"modified":"2024-07-27T20:52:26","modified_gmt":"2024-07-27T18:52:26","slug":"erstaunliche-erhoerungen-auf-die-fuerbitte-von-pater-mayer","status":"publish","type":"post","link":"https:\/\/christliche-mitte.de\/index.php\/2024\/07\/27\/erstaunliche-erhoerungen-auf-die-fuerbitte-von-pater-mayer\/","title":{"rendered":"Erstaunliche Erh\u00f6rungen auf die F\u00fcrbitte von Pater Mayer"},"content":{"rendered":"\n<p>Gerne verschenkt der selige Pater Rupert Mayer (\u20201945) Rosenkr\u00e4nze. Einen davon gibt eine Mutter ihrem Sohn mit in den II. Weltkrieg an die Ostfront. Lange nach Kriegsende, der Sohn ist noch immer nicht heimgekehrt, erinnert sie sich daran, und zwar an Pater Mayers Todestag. Den Verstorbenen bittet sie : \u201eErfleh mir Nachricht von meinem Sohn!\u201c Tags darauf kommt ein Brief: \u201eWilli lebt.\u201c Darunter: \u201eIn russischer Kriegsgefangenschaft.\u201c<\/p>\n\n\n\n<p>Ein \u00e4hnliches Schicksal. 17 Jahre ist ein junger Deutscher, als er im Osten gefangengenommen wird. Er ist abgemagert und wird mit einem der ersten Transporte heimgeschickt. Im Oder-Lager erfolgt eine letzte Untersuchung: Unter der Achselh\u00f6hle wird ein vernarbter Schnitt entdeckt. \u201eSS?\u201c \u2013 \u201eNein, Rest einer Dr\u00fcsen-OP\u201c. Doch sie glauben ihm nicht. \u201eZur\u00fcck in den Ural!\u201c 1948 be\u00adrichtet ein entlassener Leidensgenosse der Mutter und bringt die Anschrift. Die Mutter schickt ein Pater-Mayer-Bildchen in den Ural. W\u00fctend fragt der NKWD-Kommissar: \u201eWer schickt solches Zeug? Wer ist das?\u201c Der Junge erz\u00e4hlt, der Kommissar wird freundlich. Beim n\u00e4chsten Kranken-Transport ist der Junge als einziger Gesunder mit neun Ka\u00admeraden auf der Heimreise.<\/p>\n\n\n\n<p>Sch\u00e4delbr\u00fcche und innere Blutungen nach einem Motorradsturz. Im abschlie\u00dfenden bayerischen Gutachten steht: \u201eEs handelt sich um einen \u00e4u\u00dferst schweren Fall, bei dem man \u2013 in einer an Sicherheit grenzenden Wahrscheinlichkeit \u2013 annehmen mu\u00df, da\u00df eine h\u00f6here Macht sein Leben erhalten hat.\u201c Die Frau des Verungl\u00fcckten hatte Pater Mayer um F\u00fcrbitte angerufen.<\/p>\n\n\n\n<p>In den ersten 30 Jahren nach Pater Mayers Tod (1945) werden 35.000 Ereignisse gemeldet, die der F\u00fcrbitte des Seligen bei JESUS zugeschrieben werden. Unter den mitgeteilten Vorg\u00e4ngen ist ein Be\u00adricht aus Chile: Vier Ordensschwestern schrecken nachts hoch, weil ein Teil ihrer Geb\u00e4ude brennt. Das Wasser ist abgesperrt. Das Feuer droht auf die angrenzenden Schul-Baracken \u00fcberzugreifen. Die Schwestern beten verzweifelt. Eine der Ordensfrauen l\u00e4\u00dft von einem Helfer ein Rupert-Mayer-Andenken in die Flammen werfen. Diese versiegen \u2013 das Kolleg ist gerettet. \u2013 Unertr\u00e4gliche Ischias-Schmerzen. Der Kranke bittet eisern: \u201ePater Mayer, bet f\u00fcr mich! Wenn ich gesund werde, komm ich an dein Grab nach Pullach.\u201c Eines Tages ist die Dank-Fahrt mit dem Fahrrad m\u00fchsam m\u00f6glich. Ersch\u00f6pft kommt der Dankende an. Pl\u00f6tzlich merkt er: Ich bin ja gesund! Selig f\u00e4hrt er ohne M\u00fche einen 60 km-Umweg nach Hause.<\/p>\n\n\n\n<p>Das sind nur einige Beispiele aus den 35.000 Berichten der Jahre 1945 bis 1975. Kein Wunder, da\u00df manche M\u00fcnchner und andere sich in N\u00f6ten wegen einer F\u00fcrbitte bei JESUS weiter an Pater Mayer wenden. Sie hoffen, da\u00df der Selige einmal heiliggesprochen wird. Seine Seligsprechung erfolgte 1987 durch Papst Johannes Paul II.<br><em>Sr. M. Anja<\/em><\/p>\n\n\n\n<p>Buch: <a href=\"https:\/\/christliche-mitte.de\/index.php\/produkt\/heilige-priester\/\" data-type=\"product\" data-id=\"7145\"><strong>Heilige Prieste<\/strong>r<\/a> (10 \u20ac)<\/p>\n","protected":false},"excerpt":{"rendered":"<p>Gerne verschenkt der selige Pater Rupert Mayer (\u20201945) Rosenkr\u00e4nze. Einen davon gibt eine Mutter ihrem Sohn mit in den II. Weltkrieg an die Ostfront. Lange nach Kriegsende, der Sohn ist noch immer nicht heimgekehrt, erinnert sie sich daran, und zwar an Pater Mayers Todestag. Den Verstorbenen bittet sie : \u201eErfleh mir Nachricht von meinem Sohn!\u201c&hellip;<\/p>\n","protected":false},"author":1,"featured_media":9344,"comment_status":"closed","ping_status":"closed","sticky":false,"template":"","format":"standard","meta":{"footnotes":""},"categories":[71,4],"tags":[],"class_list":["post-9342","post","type-post","status-publish","format-standard","has-post-thumbnail","hentry","category-christus-glaube","category-kurier-der-christlichen-mitte","entry"],"_links":{"self":[{"href":"https:\/\/christliche-mitte.de\/index.php\/wp-json\/wp\/v2\/posts\/9342","targetHints":{"allow":["GET"]}}],"collection":[{"href":"https:\/\/christliche-mitte.de\/index.php\/wp-json\/wp\/v2\/posts"}],"about":[{"href":"https:\/\/christliche-mitte.de\/index.php\/wp-json\/wp\/v2\/types\/post"}],"author":[{"embeddable":true,"href":"https:\/\/christliche-mitte.de\/index.php\/wp-json\/wp\/v2\/users\/1"}],"replies":[{"embeddable":true,"href":"https:\/\/christliche-mitte.de\/index.php\/wp-json\/wp\/v2\/comments?post=9342"}],"version-history":[{"count":1,"href":"https:\/\/christliche-mitte.de\/index.php\/wp-json\/wp\/v2\/posts\/9342\/revisions"}],"predecessor-version":[{"id":9343,"href":"https:\/\/christliche-mitte.de\/index.php\/wp-json\/wp\/v2\/posts\/9342\/revisions\/9343"}],"wp:featuredmedia":[{"embeddable":true,"href":"https:\/\/christliche-mitte.de\/index.php\/wp-json\/wp\/v2\/media\/9344"}],"wp:attachment":[{"href":"https:\/\/christliche-mitte.de\/index.php\/wp-json\/wp\/v2\/media?parent=9342"}],"wp:term":[{"taxonomy":"category","embeddable":true,"href":"https:\/\/christliche-mitte.de\/index.php\/wp-json\/wp\/v2\/categories?post=9342"},{"taxonomy":"post_tag","embeddable":true,"href":"https:\/\/christliche-mitte.de\/index.php\/wp-json\/wp\/v2\/tags?post=9342"}],"curies":[{"name":"wp","href":"https:\/\/api.w.org\/{rel}","templated":true}]}}