{"id":8988,"date":"2024-05-04T20:24:06","date_gmt":"2024-05-04T18:24:06","guid":{"rendered":"https:\/\/christliche-mitte.de\/?p=8988"},"modified":"2024-05-04T22:19:17","modified_gmt":"2024-05-04T20:19:17","slug":"150-jahre-zivil-ehe-in-deutschland","status":"publish","type":"post","link":"https:\/\/christliche-mitte.de\/index.php\/2024\/05\/04\/150-jahre-zivil-ehe-in-deutschland\/","title":{"rendered":"150 Jahre Zivil-Ehe in Deutschland"},"content":{"rendered":"\n<p>Vor 150 Jahren, 1874, beschlo\u00df der Preu\u00dfische Landtag die Zivil-Ehe. Dadurch wollte der protestantische Kanzler Otto Bismarck die katholische Kirche schw\u00e4chen.<\/p>\n\n\n\n<p>Die Zivil-Ehe ist eines der wenigen Bismarckschen Gesetze, das auch nach dem Kulturkampf bis heute \u00fcberlebte. Heute heiratet nur noch jeder Sechste kirchlich (2021). Seit 1875 mu\u00dfte der Deutsche zuerst standesamtlich heiraten, bevor er sich kirchlich von einem Priester sakramental trauen lie\u00df. Erst 2009 wurde diese Vorrangstellung der Zivil-Ehe gesetzlich abgeschafft. Heute ist es auch m\u00f6glich, nur kirchlich zu heiraten. Dann verliert man aber den Renten- und Erb-Anspruch \u00fcber den Partner. Seit 2001 gibt es daneben auf staatlicher Seite auch die sogenannte \u201eeingetragene Lebenspartnerschaft\u201c, seit 2017 auch eine \u201eEhe f\u00fcr alle\u201c.<\/p>\n\n\n\n<p>2024 will Bundesjustiz-Minister Marco Buschmann (FDP) eine \u201eVerantwortungs-Gemeinschaft\u201c einf\u00fchren, welche auch bereits der Ampel-Vertrag vorsieht.<\/p>\n\n\n\n<p>Die M\u00f6glichkeit zur Ehe-Scheidung gibt es seit 1804, als der franz\u00f6sische Feldherr Napoleon sich an\u00adschickte, ganz Europa zu erobern. Als 1806 der deutsche Kaiser die Krone niederlegt, dringt auch das franz\u00f6sische, weltliche Scheidungs-Recht in Deutschland ein. Die kirchlich-sakramentale Ehe aber \u2013 ist und bleibt \u2013 unaufl\u00f6slich, da sie von GOTT gesegnet ist. Sogar das protestantische K\u00f6nigshaus Preu\u00dfens war 1875 \u00fcber die Einf\u00fchrung der Zivil-Ehe besorgt, da\u00df diese sich \u201enachteilig auf die Sittlichkeit der Deutschen auswirken k\u00f6nnte.\u201c<\/p>\n\n\n\n<p>Der Hintergrund f\u00fcr die heutige Scheidungs-Lawine ist der mangelnde Glaube und die mangelnde Bindung an GOTT, die fehlende Glaubens-Praxis. F\u00fcr denjenigen, der nur selten mit GOTT spricht, d. h. betet, f\u00fcr den hat der Trauungs-Segen keine Bedeutung und auch nicht JESU Worte: \u201eWas GOTT verbunden hat, das darf der Mensch nicht trennen.\u201c (Mt 19,6) Scheidungen aber f\u00fchren auf Dauer in die Haltlosigkeit. Zur\u00fcck also zu Gott und zur Treue! &nbsp; <em>Sr. M. Anja Henkel<\/em>*<\/p>\n\n\n\n<p>CM-Antiquariat: <strong><a href=\"https:\/\/christliche-mitte.de\/index.php\/buch-ueber-telefon-oder-per-mail-bestellbar\/\" data-type=\"page\" data-id=\"6540\">Bismarck. Urpreu\u00dfe und Reichsgr\u00fcnder<\/a><\/strong> (30 \u20ac)<\/p>\n","protected":false},"excerpt":{"rendered":"<p>Vor 150 Jahren, 1874, beschlo\u00df der Preu\u00dfische Landtag die Zivil-Ehe. Dadurch wollte der protestantische Kanzler Otto Bismarck die katholische Kirche schw\u00e4chen. Die Zivil-Ehe ist eines der wenigen Bismarckschen Gesetze, das auch nach dem Kulturkampf bis heute \u00fcberlebte. Heute heiratet nur noch jeder Sechste kirchlich (2021). Seit 1875 mu\u00dfte der Deutsche zuerst standesamtlich heiraten, bevor er&hellip;<\/p>\n","protected":false},"author":1,"featured_media":2736,"comment_status":"closed","ping_status":"closed","sticky":true,"template":"","format":"standard","meta":{"footnotes":""},"categories":[71,72,21,4],"tags":[],"class_list":["post-8988","post","type-post","status-publish","format-standard","has-post-thumbnail","hentry","category-christus-glaube","category-informationen-aus-der-politik","category-religionen","category-kurier-der-christlichen-mitte","entry"],"_links":{"self":[{"href":"https:\/\/christliche-mitte.de\/index.php\/wp-json\/wp\/v2\/posts\/8988","targetHints":{"allow":["GET"]}}],"collection":[{"href":"https:\/\/christliche-mitte.de\/index.php\/wp-json\/wp\/v2\/posts"}],"about":[{"href":"https:\/\/christliche-mitte.de\/index.php\/wp-json\/wp\/v2\/types\/post"}],"author":[{"embeddable":true,"href":"https:\/\/christliche-mitte.de\/index.php\/wp-json\/wp\/v2\/users\/1"}],"replies":[{"embeddable":true,"href":"https:\/\/christliche-mitte.de\/index.php\/wp-json\/wp\/v2\/comments?post=8988"}],"version-history":[{"count":3,"href":"https:\/\/christliche-mitte.de\/index.php\/wp-json\/wp\/v2\/posts\/8988\/revisions"}],"predecessor-version":[{"id":9018,"href":"https:\/\/christliche-mitte.de\/index.php\/wp-json\/wp\/v2\/posts\/8988\/revisions\/9018"}],"wp:featuredmedia":[{"embeddable":true,"href":"https:\/\/christliche-mitte.de\/index.php\/wp-json\/wp\/v2\/media\/2736"}],"wp:attachment":[{"href":"https:\/\/christliche-mitte.de\/index.php\/wp-json\/wp\/v2\/media?parent=8988"}],"wp:term":[{"taxonomy":"category","embeddable":true,"href":"https:\/\/christliche-mitte.de\/index.php\/wp-json\/wp\/v2\/categories?post=8988"},{"taxonomy":"post_tag","embeddable":true,"href":"https:\/\/christliche-mitte.de\/index.php\/wp-json\/wp\/v2\/tags?post=8988"}],"curies":[{"name":"wp","href":"https:\/\/api.w.org\/{rel}","templated":true}]}}