{"id":8947,"date":"2024-04-06T12:49:26","date_gmt":"2024-04-06T10:49:26","guid":{"rendered":"https:\/\/christliche-mitte.de\/?p=8947"},"modified":"2024-04-06T12:49:28","modified_gmt":"2024-04-06T10:49:28","slug":"die-schwestern-in-denvatikanischen-gaerten","status":"publish","type":"post","link":"https:\/\/christliche-mitte.de\/index.php\/2024\/04\/06\/die-schwestern-in-denvatikanischen-gaerten\/","title":{"rendered":"Die Schwestern in denVatikanischen G\u00e4rten"},"content":{"rendered":"\n<p>Franziskus entschied, ab 2024 argentinischen Benediktinerinnen das Kloster \u201eMater Ecclesiae\u201c in den Vatikanischen G\u00e4rten anzuver\u00adtrauen.<\/p>\n\n\n\n<p>Zwischen 2013 und 2022 lebte und starb dort der emeritierte Papst Benedikt XVI.. Der jetzige Papst Franziskus lebt seit 2013 im G\u00e4stehaus des Vatikan. Die \u00fcblichen Papst-R\u00e4ume im Vatikan stehen seit dem Auszug Benedikts ins Kloster \u201eMater Ecclesiae\u201c leer. Auch erkl\u00e4rte Franziskus am Jahres-Ende 2023, da\u00df er sich nach seinem eigenen Tod nicht im Vatikan, sondern in der Kirche \u201eMaria Maggiore\u201c beisetzen lassen m\u00f6chte. Die Benediktinischen Ordensfrauen, die 2024 in die Vatikanischen G\u00e4rten einziehen, haben die Aufgabe, f\u00fcr den Papst zu beten. Alle 5 Jahre wechselt die Ordens-Gemeinschaft entsprechen langer Tradition: <br>Klarissen begannen mit dem Gebet dort 1994, gefolgt von Unbeschuhten Karmeliterinnen 1999 und Benediktinerinnen 2004. Danach kamen Salesianerinnen (2009) und zuletzt vier geweihte Jungfrauen (2013) der Gemeinschaft \u201eMemores Domini\u201c, die auch Benedikt XVI. nach seiner Emeritierung betreuten, bis er 2022 starb.<br><br>Buch: <strong><a href=\"https:\/\/christliche-mitte.de\/index.php\/buch-ueber-telefon-oder-per-mail-bestellbar\/\" data-type=\"page\" data-id=\"6540\">Weltreligionen: Buddhismus, Christentum, Hinduismus, Islam, Judentum <\/a><\/strong>(15 \u20ac)<\/p>\n","protected":false},"excerpt":{"rendered":"<p>Franziskus entschied, ab 2024 argentinischen Benediktinerinnen das Kloster \u201eMater Ecclesiae\u201c in den Vatikanischen G\u00e4rten anzuver\u00adtrauen. Zwischen 2013 und 2022 lebte und starb dort der emeritierte Papst Benedikt XVI.. Der jetzige Papst Franziskus lebt seit 2013 im G\u00e4stehaus des Vatikan. Die \u00fcblichen Papst-R\u00e4ume im Vatikan stehen seit dem Auszug Benedikts ins Kloster \u201eMater Ecclesiae\u201c leer. Auch&hellip;<\/p>\n","protected":false},"author":1,"featured_media":0,"comment_status":"closed","ping_status":"closed","sticky":true,"template":"","format":"standard","meta":{"footnotes":""},"categories":[71,21,4],"tags":[],"class_list":["post-8947","post","type-post","status-publish","format-standard","hentry","category-christus-glaube","category-religionen","category-kurier-der-christlichen-mitte","no-post-thumbnail","entry"],"_links":{"self":[{"href":"https:\/\/christliche-mitte.de\/index.php\/wp-json\/wp\/v2\/posts\/8947","targetHints":{"allow":["GET"]}}],"collection":[{"href":"https:\/\/christliche-mitte.de\/index.php\/wp-json\/wp\/v2\/posts"}],"about":[{"href":"https:\/\/christliche-mitte.de\/index.php\/wp-json\/wp\/v2\/types\/post"}],"author":[{"embeddable":true,"href":"https:\/\/christliche-mitte.de\/index.php\/wp-json\/wp\/v2\/users\/1"}],"replies":[{"embeddable":true,"href":"https:\/\/christliche-mitte.de\/index.php\/wp-json\/wp\/v2\/comments?post=8947"}],"version-history":[{"count":1,"href":"https:\/\/christliche-mitte.de\/index.php\/wp-json\/wp\/v2\/posts\/8947\/revisions"}],"predecessor-version":[{"id":8948,"href":"https:\/\/christliche-mitte.de\/index.php\/wp-json\/wp\/v2\/posts\/8947\/revisions\/8948"}],"wp:attachment":[{"href":"https:\/\/christliche-mitte.de\/index.php\/wp-json\/wp\/v2\/media?parent=8947"}],"wp:term":[{"taxonomy":"category","embeddable":true,"href":"https:\/\/christliche-mitte.de\/index.php\/wp-json\/wp\/v2\/categories?post=8947"},{"taxonomy":"post_tag","embeddable":true,"href":"https:\/\/christliche-mitte.de\/index.php\/wp-json\/wp\/v2\/tags?post=8947"}],"curies":[{"name":"wp","href":"https:\/\/api.w.org\/{rel}","templated":true}]}}