{"id":8719,"date":"2024-03-02T10:37:32","date_gmt":"2024-03-02T09:37:32","guid":{"rendered":"https:\/\/christliche-mitte.de\/?p=8719"},"modified":"2024-03-02T10:37:34","modified_gmt":"2024-03-02T09:37:34","slug":"katholischer-unterricht-musskatholisch-sein","status":"publish","type":"post","link":"https:\/\/christliche-mitte.de\/index.php\/2024\/03\/02\/katholischer-unterricht-musskatholisch-sein\/","title":{"rendered":"Katholischer Unterricht mu\u00dfkatholisch sein"},"content":{"rendered":"\n<p>Aber heute fordern vier von f\u00fcnf Katholiken \u201egemeinsamen christlichen Religionsunterricht\u201c mit Protestanten und Sch\u00fclern, \u201edie auf der Suche sind\u201c. Doch das ist unm\u00f6glich.<\/p>\n\n\n\n<p>Der katholische Glaube w\u00fcrde noch mehr verw\u00e4ssert. Schon gibt es an einzelnen deutschen Orten sogar muslimische Religionslehrer f\u00fcr alle. <br>Doch:\u201eWer euch h\u00f6rt, h\u00f6rt mich\u201c (Lk 10,16), erkl\u00e4rt JESUS. <br>Buch: <strong><a href=\"https:\/\/christliche-mitte.de\/index.php\/buch-ueber-telefon-oder-per-mail-bestellbar\/\" data-type=\"page\" data-id=\"6540\">Privat-Offenbarungen<\/a><\/strong> (15 \u20ac)<\/p>\n","protected":false},"excerpt":{"rendered":"<p>Aber heute fordern vier von f\u00fcnf Katholiken \u201egemeinsamen christlichen Religionsunterricht\u201c mit Protestanten und Sch\u00fclern, \u201edie auf der Suche sind\u201c. Doch das ist unm\u00f6glich. Der katholische Glaube w\u00fcrde noch mehr verw\u00e4ssert. Schon gibt es an einzelnen deutschen Orten sogar muslimische Religionslehrer f\u00fcr alle. Doch:\u201eWer euch h\u00f6rt, h\u00f6rt mich\u201c (Lk 10,16), erkl\u00e4rt JESUS. Buch: Privat-Offenbarungen (15 \u20ac)<\/p>\n","protected":false},"author":1,"featured_media":0,"comment_status":"closed","ping_status":"closed","sticky":true,"template":"","format":"standard","meta":{"footnotes":""},"categories":[71,21,4],"tags":[],"class_list":["post-8719","post","type-post","status-publish","format-standard","hentry","category-christus-glaube","category-religionen","category-kurier-der-christlichen-mitte","no-post-thumbnail","entry"],"_links":{"self":[{"href":"https:\/\/christliche-mitte.de\/index.php\/wp-json\/wp\/v2\/posts\/8719","targetHints":{"allow":["GET"]}}],"collection":[{"href":"https:\/\/christliche-mitte.de\/index.php\/wp-json\/wp\/v2\/posts"}],"about":[{"href":"https:\/\/christliche-mitte.de\/index.php\/wp-json\/wp\/v2\/types\/post"}],"author":[{"embeddable":true,"href":"https:\/\/christliche-mitte.de\/index.php\/wp-json\/wp\/v2\/users\/1"}],"replies":[{"embeddable":true,"href":"https:\/\/christliche-mitte.de\/index.php\/wp-json\/wp\/v2\/comments?post=8719"}],"version-history":[{"count":1,"href":"https:\/\/christliche-mitte.de\/index.php\/wp-json\/wp\/v2\/posts\/8719\/revisions"}],"predecessor-version":[{"id":8720,"href":"https:\/\/christliche-mitte.de\/index.php\/wp-json\/wp\/v2\/posts\/8719\/revisions\/8720"}],"wp:attachment":[{"href":"https:\/\/christliche-mitte.de\/index.php\/wp-json\/wp\/v2\/media?parent=8719"}],"wp:term":[{"taxonomy":"category","embeddable":true,"href":"https:\/\/christliche-mitte.de\/index.php\/wp-json\/wp\/v2\/categories?post=8719"},{"taxonomy":"post_tag","embeddable":true,"href":"https:\/\/christliche-mitte.de\/index.php\/wp-json\/wp\/v2\/tags?post=8719"}],"curies":[{"name":"wp","href":"https:\/\/api.w.org\/{rel}","templated":true}]}}