{"id":8670,"date":"2024-02-06T11:38:50","date_gmt":"2024-02-06T10:38:50","guid":{"rendered":"https:\/\/christliche-mitte.de\/?p=8670"},"modified":"2024-02-06T11:38:51","modified_gmt":"2024-02-06T10:38:51","slug":"cannabis-per-gesetz","status":"publish","type":"post","link":"https:\/\/christliche-mitte.de\/index.php\/2024\/02\/06\/cannabis-per-gesetz\/","title":{"rendered":"Cannabis per Gesetz"},"content":{"rendered":"\n<p>Das Parlament mu\u00df noch zustimmen. Aus den Dutzenden aufgeflogenen Cannabis-Plantagen in den Niederlanden, dem K\u00f6nigreich der Hascher, hat die Ampel nichts gelernt. Albaner und Marokkaner bek\u00e4mpfen sich dort auch mit Sprengstoff um Markt-Anteile. Das gef\u00e4hrliche Gesch\u00e4ft lohnt sich.<\/p>\n\n\n\n<p>Der Gesetzes-Entwurf der Ampel sieht vor: Nicht nur \u2013 wie bislang angedacht &#8211; bis 25 Gramm Cannabis, sondern gleich bis 59 Gramm darf ein Privatmann straffrei kaufen.<\/p>\n\n\n\n<p>Buch: <strong><a href=\"https:\/\/christliche-mitte.de\/index.php\/buch-ueber-telefon-oder-per-mail-bestellbar\/\" data-type=\"page\" data-id=\"6540\">Abschied von Deutschland. Eine politische Grabschrift<\/a><\/strong> (15 \u20ac)<\/p>\n","protected":false},"excerpt":{"rendered":"<p>Das Parlament mu\u00df noch zustimmen. Aus den Dutzenden aufgeflogenen Cannabis-Plantagen in den Niederlanden, dem K\u00f6nigreich der Hascher, hat die Ampel nichts gelernt. Albaner und Marokkaner bek\u00e4mpfen sich dort auch mit Sprengstoff um Markt-Anteile. Das gef\u00e4hrliche Gesch\u00e4ft lohnt sich. Der Gesetzes-Entwurf der Ampel sieht vor: Nicht nur \u2013 wie bislang angedacht &#8211; bis 25 Gramm Cannabis,&hellip;<\/p>\n","protected":false},"author":1,"featured_media":8671,"comment_status":"closed","ping_status":"closed","sticky":true,"template":"","format":"standard","meta":{"footnotes":""},"categories":[347,4],"tags":[],"class_list":["post-8670","post","type-post","status-publish","format-standard","has-post-thumbnail","hentry","category-gesundheit","category-kurier-der-christlichen-mitte","entry"],"_links":{"self":[{"href":"https:\/\/christliche-mitte.de\/index.php\/wp-json\/wp\/v2\/posts\/8670","targetHints":{"allow":["GET"]}}],"collection":[{"href":"https:\/\/christliche-mitte.de\/index.php\/wp-json\/wp\/v2\/posts"}],"about":[{"href":"https:\/\/christliche-mitte.de\/index.php\/wp-json\/wp\/v2\/types\/post"}],"author":[{"embeddable":true,"href":"https:\/\/christliche-mitte.de\/index.php\/wp-json\/wp\/v2\/users\/1"}],"replies":[{"embeddable":true,"href":"https:\/\/christliche-mitte.de\/index.php\/wp-json\/wp\/v2\/comments?post=8670"}],"version-history":[{"count":1,"href":"https:\/\/christliche-mitte.de\/index.php\/wp-json\/wp\/v2\/posts\/8670\/revisions"}],"predecessor-version":[{"id":8672,"href":"https:\/\/christliche-mitte.de\/index.php\/wp-json\/wp\/v2\/posts\/8670\/revisions\/8672"}],"wp:featuredmedia":[{"embeddable":true,"href":"https:\/\/christliche-mitte.de\/index.php\/wp-json\/wp\/v2\/media\/8671"}],"wp:attachment":[{"href":"https:\/\/christliche-mitte.de\/index.php\/wp-json\/wp\/v2\/media?parent=8670"}],"wp:term":[{"taxonomy":"category","embeddable":true,"href":"https:\/\/christliche-mitte.de\/index.php\/wp-json\/wp\/v2\/categories?post=8670"},{"taxonomy":"post_tag","embeddable":true,"href":"https:\/\/christliche-mitte.de\/index.php\/wp-json\/wp\/v2\/tags?post=8670"}],"curies":[{"name":"wp","href":"https:\/\/api.w.org\/{rel}","templated":true}]}}