{"id":8434,"date":"2023-12-02T10:23:24","date_gmt":"2023-12-02T09:23:24","guid":{"rendered":"https:\/\/christliche-mitte.de\/?p=8434"},"modified":"2023-12-02T10:23:26","modified_gmt":"2023-12-02T09:23:26","slug":"ein-gluecklicher-hirte","status":"publish","type":"post","link":"https:\/\/christliche-mitte.de\/index.php\/2023\/12\/02\/ein-gluecklicher-hirte\/","title":{"rendered":"Ein gl\u00fccklicher Hirte"},"content":{"rendered":"\n<p>Gegen Ende jedes Jahres ziehen wir Hirten mit unse\u00adren Schafen in die 800 m hochgelegene Region von Jerusalem und dem nahegelegenen Bethlehem. Auch wenn wir nur einfache Hirten sind, so wissen wir doch, da\u00df Bethlehem die K\u00f6nigsstadt Davids aus dem Alten Te\u00adstament ist, aus welcher der verhei\u00dfene MESSIAS hervorgehen soll.<\/p>\n\n\n\n<p>Lange warten wir Juden schon auf IHN. Der Prophet Jesaja und viele andere GOTTES-M\u00e4nner haben IHN schon vor mehr als 800 Jahren angek\u00fcndigt. Jesaja nennt ihn \u201eFriedens\u00adf\u00fcrst\u201c. Ja, wie n\u00f6tig hat unsere Welt den Frieden. Seit etwa 60 Jahren herrschen die R\u00f6mer in unserem Land mit strenger Hand und hohen Steuern. Wir sind einfache Hirten und haben mit der gro\u00dfen Politik wenig zu tun. Wie immer hocken wir abends um das Feuer, die Schafe grasen in der N\u00e4he. Am Feuer grillen wir und w\u00e4rmen uns. Gleichzeitig h\u00e4lt das Licht die W\u00f6lfe von unseren Herden fern.<\/p>\n\n\n\n<p><strong>Gloria in excelsis Deo<\/strong><\/p>\n\n\n\n<p>Pl\u00f6tzlich f\u00e4llt ein \u00fcbernat\u00fcrlich heller Lichtkegel auf die Feuerstelle und \u00fcberstrahlt deren Feuerglanz tau\u00adsendfach. \u00dcberrascht schweigen wir. Was kommt jetzt? Da n\u00e4hert sich uns im Lichtkegel eine Gestalt: Ein Engel, ein GOTTES-Bote. Erschreckt meinen wir, den Verstand verloren zu haben, und wollen davonlaufen. Doch der Engel h\u00e4lt uns zur\u00fcck und begr\u00fc\u00dft uns: \u201eF\u00fcrchtet euch nicht! Denn seht, ich verk\u00fcndige euch eine gro\u00dfe Freude, die allem Volke zuteilwird. Heute wurde euch in der Stadt Davids der HEILAND geboren, CHRISTUS, der MESSIAS, der HERR!\u201c (Lk 2,8). Sprachlos starren wir die Him\u00admels-Erscheinung an. Dann begreifen wir langsam. Die Prophezeiung der alten Propheten ist wahr ge\u00adworden, und wir sind diejenigen, die als Erste davon informiert werden \u2013 und zwar auf \u00fcbernat\u00fcrliche Weise. O, wie freuen wir uns! Endlich ist der Frie\u00addensbringer auf unsere leidgepr\u00fcfte Erde gekommen. Eilen wir zu IHM. Geben wir IHM die Ehre! La\u00dft uns IHN anbeten!<\/p>\n\n\n\n<p><strong>Wo aber ist ER zu finden?<\/strong><\/p>\n\n\n\n<p>Wie sollen wir IHN erken\u00adnen? Ich mache mir jedoch unn\u00f6tige Sorgen, denn schon f\u00e4hrt der Engel fort: \u201eEuer Erkennungszeichen soll sein: Ein Kind, in Windeln gewickelt, in einer Krippe liegend.\u201c Das neugeborene Baby liegt also in einem Stall in Bethlehem, denn von hier soll ja der MESSIAS ausgehen. Da sehe ich, wie sich dem Engel ein ganzes Engel-Heer beigesellt, die alle gemeinsam GOTT, den VATER, preisen: \u201eEhre sei GOTT in der H\u00f6he! Auf Erden Friede den Menschen, die guten Willens sind!\u201c Dann entschwinden die himm\u00adlischen Boten.<\/p>\n\n\n\n<p><strong>Anbetung vor der Krippe<\/strong><\/p>\n\n\n\n<p>Tats\u00e4chlich finden wir die drei. Die Mutter, ein etwa 14j\u00e4hriges M\u00e4dchen, und ihr junger Ehemann sitzen um die kleine Futter-Krippe mit dem Kind darin und beten es an. Ein himmlischer Friede und Glanz gehen von ihnen aus. Sie scheinen sich gar nicht zu wundern, als wir Hirten pl\u00f6tzlich in der Stallt\u00fcr ste\u00adhen und ebenfalls auf die Knie sinken. Alles ge\u00adschieht ganz nat\u00fcrlich, als ob es von Ewigkeit her so geplant war. Wir alle sp\u00fcren die Anwesenheit GOT\u00adTES in dieser heiligen Stille bei dem Kind in der Krippe.<\/p>\n\n\n\n<p>\u201eEs hei\u00dft JESUS\u201c, fl\u00fcstert uns Maria zu, \u201eGOTT ret\u00adtet!\u201c \u2013 \u201eEin sch\u00f6ner Name!\u201c, denke ich, spreche es aber nicht aus in dieser heiligen Atmosph\u00e4re.<br><em>Sr. M. Anja<\/em><\/p>\n\n\n\n<p>Buch: <strong><a href=\"https:\/\/christliche-mitte.de\/index.php\/buch-ueber-telefon-oder-per-mail-bestellbar\/\" data-type=\"page\" data-id=\"6540\">Augenblicke im Kirchenjahr<\/a><\/strong> (10 \u20ac)<\/p>\n","protected":false},"excerpt":{"rendered":"<p>Gegen Ende jedes Jahres ziehen wir Hirten mit unse\u00adren Schafen in die 800 m hochgelegene Region von Jerusalem und dem nahegelegenen Bethlehem. Auch wenn wir nur einfache Hirten sind, so wissen wir doch, da\u00df Bethlehem die K\u00f6nigsstadt Davids aus dem Alten Te\u00adstament ist, aus welcher der verhei\u00dfene MESSIAS hervorgehen soll. Lange warten wir Juden schon&hellip;<\/p>\n","protected":false},"author":1,"featured_media":0,"comment_status":"closed","ping_status":"closed","sticky":true,"template":"","format":"standard","meta":{"footnotes":""},"categories":[71,4],"tags":[],"class_list":["post-8434","post","type-post","status-publish","format-standard","hentry","category-christus-glaube","category-kurier-der-christlichen-mitte","no-post-thumbnail","entry"],"_links":{"self":[{"href":"https:\/\/christliche-mitte.de\/index.php\/wp-json\/wp\/v2\/posts\/8434","targetHints":{"allow":["GET"]}}],"collection":[{"href":"https:\/\/christliche-mitte.de\/index.php\/wp-json\/wp\/v2\/posts"}],"about":[{"href":"https:\/\/christliche-mitte.de\/index.php\/wp-json\/wp\/v2\/types\/post"}],"author":[{"embeddable":true,"href":"https:\/\/christliche-mitte.de\/index.php\/wp-json\/wp\/v2\/users\/1"}],"replies":[{"embeddable":true,"href":"https:\/\/christliche-mitte.de\/index.php\/wp-json\/wp\/v2\/comments?post=8434"}],"version-history":[{"count":1,"href":"https:\/\/christliche-mitte.de\/index.php\/wp-json\/wp\/v2\/posts\/8434\/revisions"}],"predecessor-version":[{"id":8435,"href":"https:\/\/christliche-mitte.de\/index.php\/wp-json\/wp\/v2\/posts\/8434\/revisions\/8435"}],"wp:attachment":[{"href":"https:\/\/christliche-mitte.de\/index.php\/wp-json\/wp\/v2\/media?parent=8434"}],"wp:term":[{"taxonomy":"category","embeddable":true,"href":"https:\/\/christliche-mitte.de\/index.php\/wp-json\/wp\/v2\/categories?post=8434"},{"taxonomy":"post_tag","embeddable":true,"href":"https:\/\/christliche-mitte.de\/index.php\/wp-json\/wp\/v2\/tags?post=8434"}],"curies":[{"name":"wp","href":"https:\/\/api.w.org\/{rel}","templated":true}]}}