{"id":8413,"date":"2023-12-01T19:33:17","date_gmt":"2023-12-01T18:33:17","guid":{"rendered":"https:\/\/christliche-mitte.de\/?p=8413"},"modified":"2023-12-01T19:33:18","modified_gmt":"2023-12-01T18:33:18","slug":"israel-unter-beschuss","status":"publish","type":"post","link":"https:\/\/christliche-mitte.de\/index.php\/2023\/12\/01\/israel-unter-beschuss\/","title":{"rendered":"Israel unter Beschu\u00df"},"content":{"rendered":"\n<p>Die muslimische Hamas-Terror-Organisation tr\u00e4gt die Verantwortung, doch der Iran klatscht Beifall.<\/p>\n\n\n\n<p>Ali Chamenei (84), Staatspr\u00e4sident und oberster Ajatollah des Iran, kommentiert zu dem \u00dcberraschungs-Angriff auf Israel im Oktober 2023: \u201eWir k\u00fcssen die Stirn und die Arme der mutigen pal\u00e4stinensischen Jugend.\u201c Und \u00fcber Israel: \u201eDieses Krebsgeschw\u00fcr wird, so Allah will, durch das pal\u00e4stinensische Volk ausgerottet werden.\u201c <br>Zur Zeit leben 2,3 Millionen Araber im Gaza-Streifen, ein Gebiet von der Gr\u00f6\u00dfe M\u00fcnchens, von wo aus die Raketen der muslimischen Hamas auf Israel abgeschossen wurden. Gleichzeitig wurde der 6m hohe Schutzzaun Israels von militanten Hamas-K\u00e4mpfern mit Bulldozern niedergewalzt, 1.300 Israelis ermordet, \u00fcber 2.600 verletzt und etwa 200, auch Ausl\u00e4nder, verschleppt. <br>Mit den Verschleppten wollen die Muslime sp\u00e4ter einen Teil der 4.500 Araber aus israelischen Gef\u00e4ngnissen freipressen. Der Gaza-Streifen hat ein bis 40m tiefes Tunnelnetz der Pal\u00e4stinenser, w\u00e4hrend die Grenze Israels nur einige Meter tief durch Sensoren gesch\u00fctzt ist. Wasser, Strom\/ Gas und Lebensmittel sind ab sofort seitens Israel f\u00fcr Gaza gesperrt. <br>300.000 Reservisten der Israeliten sind zum Wehrdienst einberufen worden, und die Re\u00adgierung ruft den Kriegs-Zustand aus. <br><br><a href=\"https:\/\/christliche-mitte.de\/index.php\/produkt\/9-cm-islam-buecher-zum-sonderpreis-von-20-euro\/\" data-type=\"product\" data-id=\"2193\"><strong>9-CM-Islam-B\u00fccher-Paket <\/strong><\/a>(20 \u20ac)<\/p>\n","protected":false},"excerpt":{"rendered":"<p>Die muslimische Hamas-Terror-Organisation tr\u00e4gt die Verantwortung, doch der Iran klatscht Beifall. Ali Chamenei (84), Staatspr\u00e4sident und oberster Ajatollah des Iran, kommentiert zu dem \u00dcberraschungs-Angriff auf Israel im Oktober 2023: \u201eWir k\u00fcssen die Stirn und die Arme der mutigen pal\u00e4stinensischen Jugend.\u201c Und \u00fcber Israel: \u201eDieses Krebsgeschw\u00fcr wird, so Allah will, durch das pal\u00e4stinensische Volk ausgerottet werden.\u201c&hellip;<\/p>\n","protected":false},"author":1,"featured_media":0,"comment_status":"closed","ping_status":"closed","sticky":true,"template":"","format":"standard","meta":{"footnotes":""},"categories":[72,21,4],"tags":[],"class_list":["post-8413","post","type-post","status-publish","format-standard","hentry","category-informationen-aus-der-politik","category-religionen","category-kurier-der-christlichen-mitte","no-post-thumbnail","entry"],"_links":{"self":[{"href":"https:\/\/christliche-mitte.de\/index.php\/wp-json\/wp\/v2\/posts\/8413","targetHints":{"allow":["GET"]}}],"collection":[{"href":"https:\/\/christliche-mitte.de\/index.php\/wp-json\/wp\/v2\/posts"}],"about":[{"href":"https:\/\/christliche-mitte.de\/index.php\/wp-json\/wp\/v2\/types\/post"}],"author":[{"embeddable":true,"href":"https:\/\/christliche-mitte.de\/index.php\/wp-json\/wp\/v2\/users\/1"}],"replies":[{"embeddable":true,"href":"https:\/\/christliche-mitte.de\/index.php\/wp-json\/wp\/v2\/comments?post=8413"}],"version-history":[{"count":1,"href":"https:\/\/christliche-mitte.de\/index.php\/wp-json\/wp\/v2\/posts\/8413\/revisions"}],"predecessor-version":[{"id":8414,"href":"https:\/\/christliche-mitte.de\/index.php\/wp-json\/wp\/v2\/posts\/8413\/revisions\/8414"}],"wp:attachment":[{"href":"https:\/\/christliche-mitte.de\/index.php\/wp-json\/wp\/v2\/media?parent=8413"}],"wp:term":[{"taxonomy":"category","embeddable":true,"href":"https:\/\/christliche-mitte.de\/index.php\/wp-json\/wp\/v2\/categories?post=8413"},{"taxonomy":"post_tag","embeddable":true,"href":"https:\/\/christliche-mitte.de\/index.php\/wp-json\/wp\/v2\/tags?post=8413"}],"curies":[{"name":"wp","href":"https:\/\/api.w.org\/{rel}","templated":true}]}}