{"id":829,"date":"2018-01-26T17:27:26","date_gmt":"2018-01-26T15:27:26","guid":{"rendered":"https:\/\/christliche-mitte.de\/?p=829"},"modified":"2018-01-26T17:27:26","modified_gmt":"2018-01-26T15:27:26","slug":"heilige-und-der-islam","status":"publish","type":"post","link":"https:\/\/christliche-mitte.de\/index.php\/2018\/01\/26\/heilige-und-der-islam\/","title":{"rendered":"Heilige und der Islam"},"content":{"rendered":"<p lang=\"de-DE\" align=\"JUSTIFY\"><span style=\"color: #000000;\"><span style=\"font-family: Palatino\\ Linotype\\ Bold, serif;\"><span style=\"font-size: small;\">Wie soll Europa mit den Fl\u00fcchtlingen umgehen? Die Angst vor islamischer \u00dcberfremdung des einst christlichen Abendlandes w\u00e4chst.<\/span><\/span><\/span><\/p>\n<p lang=\"de-DE\" align=\"JUSTIFY\"><span style=\"color: #000000;\"><span style=\"font-family: Palatino\\ Linotype, serif;\"><span style=\"font-size: small;\"><span lang=\"de-DE\">Die Anst\u00fcrme des Islam k\u00f6nnen im Mittelalter (700 \u2013 1500 n. CHR.) gestoppt werden: 732 durch <\/span><span style=\"font-family: Palatino\\ Linotype\\ Bold, serif;\"><span lang=\"de-DE\">Karl Martell<\/span><\/span><span lang=\"de-DE\"> in der Schlacht bei Tours und Poitiers, 1571 bei Lepanto, 1683 vor den Toren Wiens. Das christliche Heer, unterst\u00fctzt vom Gebet christlicher K\u00f6nige, des Papstes und der Gl\u00e4ubigen, erscheint dem Ansturm der Moslems wie ein Bollwerk. Das Abendland siegt und wahrt seine Identit\u00e4t durch eine feste, aktiv praktizierte Religiosit\u00e4t. <\/span><\/span><\/span><\/span><\/p>\n<p lang=\"de-DE\" align=\"CENTER\"><strong><span style=\"color: #000000;\"><span style=\"font-family: Palatino\\ Linotype\\ Bold, serif;\"><span style=\"font-size: small;\">Christliches Europa<\/span><\/span><\/span><\/strong><\/p>\n<p lang=\"de-DE\" align=\"JUSTIFY\"><span style=\"color: #000000;\"><span style=\"font-family: Palatino\\ Linotype, serif;\"><span style=\"font-size: small;\"><span lang=\"de-DE\">Um 1000 n. CHR. entstehen riesige Kathedralen zur Verherrlichung des drei-einen GOTTES. Hoch in den Himmel ragen die T\u00fcrme der gotischen Kirchen, um die Zielrichtung des Lebens anzudeuten. \u201eUnruhig ist meine Seele, bis sie Ruhe findet in Dir, mein GOTT\u201c, ruft schon der Kirchenvater <\/span><span style=\"font-family: Palatino\\ Linotype\\ Bold, serif;\"><span lang=\"de-DE\">Augustinus<\/span><\/span><span lang=\"de-DE\"> aus (\u2020 430). Jetzt spiegelt die in den Himmel strebende Architektur den Glauben wider: Die Auferstehung jedes Christen, das Leben in der Gemeinschaft der Heiligen im Reich GOTTES, in dem \u201ejede Tr\u00e4ne getrocknet sein wird\u201c (Off 21, 4). Kummer und Leid wird es nicht mehr geben. Wer JESUS im Leben nachfolgt, wird in Seinem Reich mit IHM herrschen. In Priesterseminaren und Kl\u00f6stern schenken sich Berufene ganz CHRISTUS hin. Der B\u00fcrger, Bauer oder Adlige kennt kaum einen Tag, an dem er nicht GOTT im heiligen Me\u00dfopfer begegnet und sich IHM anbefiehlt. <\/span><\/span><\/span><\/span><\/p>\n<p lang=\"de-DE\" align=\"CENTER\"><strong><span style=\"color: #000000;\"><span style=\"font-family: Palatino\\ Linotype\\ Bold, serif;\"><span style=\"font-size: small;\">Das Zeugnis von Heiligen <\/span><\/span><\/span><\/strong><\/p>\n<p lang=\"de-DE\" align=\"JUSTIFY\"><span style=\"color: #000000;\"><span style=\"font-family: Palatino\\ Linotype, serif;\"><span style=\"font-size: small;\"><span style=\"font-family: Palatino\\ Linotype\\ Bold, serif;\"><span lang=\"de-DE\">Bernhard von Clairvaux<\/span><\/span><span lang=\"de-DE\"> (\u2020 1153) &#8211; Zisterzienser-Abt, Kirchenlehrer und Heiliger \u2013 ermutigt die Tempel-Ritter in verschiedenen Schriften zum Kampf gegen den Islam: milit\u00e4risch und im Gebet. Auf dem Reichstag von Vezelay heftet er dem franz\u00f6sischen K\u00f6nig <\/span><span style=\"font-family: Palatino\\ Linotype\\ Bold, serif;\"><span lang=\"de-DE\">Ludwig VII.<\/span><\/span><span lang=\"de-DE\"> pers\u00f6nlich das wei\u00dfe Kreuzzeichen an, das Kennzeichen der Kreuzzugs-Ritter. Bernhard reist durch Frankreich, Deutschland und Flandern, um F\u00fcrsten, Bisch\u00f6fe, \u00c4bte, Priester, Ordensleute und Gl\u00e4ubige zum Kreuzzug gegen die Muslime zu gewinnen. Grund: Die Hauptstadt Jerusalem und Pilgerst\u00e4dte im Nahen Osten sind durch die islamischen Expansions-Kriege f\u00fcr Pilger unzug\u00e4nglich geworden. Ohne die Defensiv-Kriege der Kreuz-Ritter w\u00e4\u00adren die Orte, an denen JESUS wirkte, f\u00fcr Christen verlorengegangen. M\u00e4chtige Worte Bernhards erschallen durch Europa: \u201eDie Heiden sollen nicht sagen: Wo ist ihr GOTT? Zu Siegern auf Erden und Heiligen im Himmel mache euch der Br\u00e4utigam der Kirche, der Sohn Mariens, der HERR, unser GOTT.\u201c Wortgewaltig auch <\/span><span style=\"font-family: Palatino\\ Linotype\\ Bold, serif;\"><span lang=\"de-DE\">Thomas von Aquin<\/span><\/span><span lang=\"de-DE\"> (\u2020 1274), Dominikaner-Pater und Professor der Theologie in Paris und Neapel: Der Islam ist eine heidnische Religion! Diesen Gedankengang entfaltet er in seiner \u201eSumma contra gentiles\u201c, die zum Lehrbuch f\u00fcr die Muslim-Mission wird. Differenziert werden die Glaubenswahrheiten von Christentum und Islam gegen\u00fcbergestellt.<\/span><\/span><\/span><\/span><\/p>\n<p lang=\"de-DE\" style=\"text-align: center;\" align=\"JUSTIFY\"><strong><span style=\"color: #000000;\"><span style=\"font-family: Palatino\\ Linotype\\ Bold, serif;\"><span style=\"font-size: small;\">Ein islamisches Deutschland?<\/span><\/span><\/span><\/strong><\/p>\n<p lang=\"de-DE\" align=\"JUSTIFY\"><span style=\"color: #000000;\"><span style=\"font-family: Palatino\\ Linotype, serif;\"><span style=\"font-size: small;\"><span lang=\"de-DE\">Heute hat es der Islam leichter. Politiker sind gezwungen, Tausende muslimische Kriegsfl\u00fcchtlinge aus dem Nahen Osten oder Afrika aufzunehmen, entsprechend der Kapazit\u00e4t des eigenen Landes. <\/span><span style=\"font-family: Palatino\\ Linotype\\ Italic, serif;\"><span lang=\"de-DE\">Zweites Problem:<\/span><\/span><span lang=\"de-DE\"> Die Fl\u00fcchtlinge sind im Gro\u00dfteil gl\u00e4ubiger und zielstrebiger als das s\u00e4\u00adkularisierte (verweltlichte) Abendland, in dem die Zahl praktizierender Christen zwischen 10-20% liegt. Verschwunden auch die starken christlichen Herrscher, die in Einheit mit dem Papst und den Gl\u00e4ubigen n\u00e4chtelang im Gebet den Himmel um Rettung vor dem Islam best\u00fcrmten. <\/span><span style=\"font-family: Palatino\\ Linotype\\ Italic, serif;\"><span lang=\"de-DE\">Drittens:<\/span><\/span><span lang=\"de-DE\"> Der Koran zielt auf eine aktive Islamisierung Europas und gipfelt im IS-Terror. Dynamik auch in der hohen Geburtenzahl der eingewanderten muslimischen Familien. Die Antwort mu\u00df auf drei Ebenen liegen: 1. Im Alltag gelebtes Christentum der Barmherzigkeit im Umgang mit friedlichen Muslimen. 2. St\u00e4rkung des eigenen CHRISTUS-Glaubens durch regelm\u00e4\u00dfiges Gebet und Besuch des Hl. Me\u00dfopfers. 3. Ausrichtung des Herzens auf den drei-einen GOTT: Mutiges Verk\u00fcnden der frohen Botschaft JESU durch Glaubens-Gespr\u00e4che. Helfen auch Sie mit, CM-B\u00fccher und CM-Flugbl\u00e4tter zum Thema \u201eIs\u00adlam\u201c zu verteilen.<br \/>\n<\/span> <\/span><\/span><\/span><span style=\"color: #999999;\"><span style=\"font-family: Palatino\\ Linotype, serif;\"><span style=\"font-size: small;\"><em><span style=\"font-family: Palatino\\ Linotype\\ Italic, serif;\"><span lang=\"de-DE\"> Sr. Maria Anja<\/span><\/span><\/em><\/span><\/span><\/span><\/p>\n","protected":false},"excerpt":{"rendered":"<p>Wie soll Europa mit den Fl\u00fcchtlingen umgehen? Die Angst vor islamischer \u00dcberfremdung des einst christlichen Abendlandes w\u00e4chst. Die Anst\u00fcrme des Islam k\u00f6nnen im Mittelalter (700 \u2013 1500 n. CHR.) gestoppt werden: 732 durch Karl Martell in der Schlacht bei Tours und Poitiers, 1571 bei Lepanto, 1683 vor den Toren Wiens. Das christliche Heer, unterst\u00fctzt vom&hellip;<\/p>\n","protected":false},"author":1,"featured_media":0,"comment_status":"open","ping_status":"open","sticky":false,"template":"","format":"standard","meta":{"footnotes":""},"categories":[71,21],"tags":[],"class_list":["post-829","post","type-post","status-publish","format-standard","hentry","category-christus-glaube","category-religionen","no-post-thumbnail","entry"],"_links":{"self":[{"href":"https:\/\/christliche-mitte.de\/index.php\/wp-json\/wp\/v2\/posts\/829","targetHints":{"allow":["GET"]}}],"collection":[{"href":"https:\/\/christliche-mitte.de\/index.php\/wp-json\/wp\/v2\/posts"}],"about":[{"href":"https:\/\/christliche-mitte.de\/index.php\/wp-json\/wp\/v2\/types\/post"}],"author":[{"embeddable":true,"href":"https:\/\/christliche-mitte.de\/index.php\/wp-json\/wp\/v2\/users\/1"}],"replies":[{"embeddable":true,"href":"https:\/\/christliche-mitte.de\/index.php\/wp-json\/wp\/v2\/comments?post=829"}],"version-history":[{"count":1,"href":"https:\/\/christliche-mitte.de\/index.php\/wp-json\/wp\/v2\/posts\/829\/revisions"}],"predecessor-version":[{"id":830,"href":"https:\/\/christliche-mitte.de\/index.php\/wp-json\/wp\/v2\/posts\/829\/revisions\/830"}],"wp:attachment":[{"href":"https:\/\/christliche-mitte.de\/index.php\/wp-json\/wp\/v2\/media?parent=829"}],"wp:term":[{"taxonomy":"category","embeddable":true,"href":"https:\/\/christliche-mitte.de\/index.php\/wp-json\/wp\/v2\/categories?post=829"},{"taxonomy":"post_tag","embeddable":true,"href":"https:\/\/christliche-mitte.de\/index.php\/wp-json\/wp\/v2\/tags?post=829"}],"curies":[{"name":"wp","href":"https:\/\/api.w.org\/{rel}","templated":true}]}}