{"id":8223,"date":"2023-10-03T17:47:33","date_gmt":"2023-10-03T15:47:33","guid":{"rendered":"https:\/\/christliche-mitte.de\/?p=8223"},"modified":"2023-10-03T17:54:57","modified_gmt":"2023-10-03T15:54:57","slug":"glauben-sie-an-die-hoelle","status":"publish","type":"post","link":"https:\/\/christliche-mitte.de\/index.php\/2023\/10\/03\/glauben-sie-an-die-hoelle\/","title":{"rendered":"Glauben Sie an die H\u00f6lle?"},"content":{"rendered":"\n<p>Plaudernd sitzt der Bekanntenkreis zusammen. Da sagt eine Frau aus heiterem Himmel&nbsp; herausfordernd zu einem Christen: \u201eIch glaube nicht an die H\u00f6lle.\u201c<\/p>\n\n\n\n<p>Der Angesprochene antwortet seelenruhig: \u201eMan mu\u00df nicht an die H\u00f6lle glauben, um hineinzukommen, sondern um nicht hineinzukommen.\u201c <br>Gro\u00dfes Schweigen. <br>Denn wir sind es, die sich von GOTT abwenden in die Gottesferne. Er wendet sich uns immer zu, solange wir auf IHN h\u00f6ren wollen, auch wenn wir das nicht immer erf\u00fcllen. Noch vor den Wandlungsworten der Messe l\u00e4\u00dft die Kirche seit Jahrhunderten den Priester in der missa tridentina bitten: \u201eBewahre uns g\u00fctig vor der ewigen Verdammnis.\u201c <br>Liturgie ist gebeteter Glaube.<\/p>\n\n\n\n<p>Buch: <strong><a href=\"https:\/\/christliche-mitte.de\/index.php\/buch-ueber-telefon-oder-per-mail-bestellbar\/\" data-type=\"page\" data-id=\"6540\">Mein Sterbe-Erlebnis<\/a><\/strong> (15 \u20ac)<\/p>\n","protected":false},"excerpt":{"rendered":"<p>Plaudernd sitzt der Bekanntenkreis zusammen. Da sagt eine Frau aus heiterem Himmel&nbsp; herausfordernd zu einem Christen: \u201eIch glaube nicht an die H\u00f6lle.\u201c Der Angesprochene antwortet seelenruhig: \u201eMan mu\u00df nicht an die H\u00f6lle glauben, um hineinzukommen, sondern um nicht hineinzukommen.\u201c Gro\u00dfes Schweigen. Denn wir sind es, die sich von GOTT abwenden in die Gottesferne. Er wendet&hellip;<\/p>\n","protected":false},"author":1,"featured_media":8224,"comment_status":"closed","ping_status":"closed","sticky":true,"template":"","format":"standard","meta":{"footnotes":""},"categories":[71,4],"tags":[],"class_list":["post-8223","post","type-post","status-publish","format-standard","has-post-thumbnail","hentry","category-christus-glaube","category-kurier-der-christlichen-mitte","entry"],"_links":{"self":[{"href":"https:\/\/christliche-mitte.de\/index.php\/wp-json\/wp\/v2\/posts\/8223","targetHints":{"allow":["GET"]}}],"collection":[{"href":"https:\/\/christliche-mitte.de\/index.php\/wp-json\/wp\/v2\/posts"}],"about":[{"href":"https:\/\/christliche-mitte.de\/index.php\/wp-json\/wp\/v2\/types\/post"}],"author":[{"embeddable":true,"href":"https:\/\/christliche-mitte.de\/index.php\/wp-json\/wp\/v2\/users\/1"}],"replies":[{"embeddable":true,"href":"https:\/\/christliche-mitte.de\/index.php\/wp-json\/wp\/v2\/comments?post=8223"}],"version-history":[{"count":2,"href":"https:\/\/christliche-mitte.de\/index.php\/wp-json\/wp\/v2\/posts\/8223\/revisions"}],"predecessor-version":[{"id":8226,"href":"https:\/\/christliche-mitte.de\/index.php\/wp-json\/wp\/v2\/posts\/8223\/revisions\/8226"}],"wp:featuredmedia":[{"embeddable":true,"href":"https:\/\/christliche-mitte.de\/index.php\/wp-json\/wp\/v2\/media\/8224"}],"wp:attachment":[{"href":"https:\/\/christliche-mitte.de\/index.php\/wp-json\/wp\/v2\/media?parent=8223"}],"wp:term":[{"taxonomy":"category","embeddable":true,"href":"https:\/\/christliche-mitte.de\/index.php\/wp-json\/wp\/v2\/categories?post=8223"},{"taxonomy":"post_tag","embeddable":true,"href":"https:\/\/christliche-mitte.de\/index.php\/wp-json\/wp\/v2\/tags?post=8223"}],"curies":[{"name":"wp","href":"https:\/\/api.w.org\/{rel}","templated":true}]}}