{"id":8046,"date":"2023-08-31T19:24:45","date_gmt":"2023-08-31T17:24:45","guid":{"rendered":"https:\/\/christliche-mitte.de\/?p=8046"},"modified":"2023-08-31T19:24:47","modified_gmt":"2023-08-31T17:24:47","slug":"islamische-kultur-am-gymnasium","status":"publish","type":"post","link":"https:\/\/christliche-mitte.de\/index.php\/2023\/08\/31\/islamische-kultur-am-gymnasium\/","title":{"rendered":"Islamische Kultur am Gymnasium"},"content":{"rendered":"\n<p>Bonn. Das Nicolaus-Cusanus-Gymnasium hat inzwischen 552 Sch\u00fcler, 324 davon sind Muslime.<\/p>\n\n\n\n<p>Das hei\u00dft, wir wachsen allm\u00e4hlich in eine islamische Mehrheits-Gesellschaft hinein. Den steigenden Zahlen islamischer Einwanderer wird zu wenig christliche Glaubens-Freude und Missionsgeist entgegengestellt. Im Nicolaus-Cusanus-Gymnasium in Bonn z. B. werden muslimische Sch\u00fclerinnen von jungen Muslimen unter Druck gesetzt, sich islamisch zu kleiden. <br>CM-Antiquariat: <strong><a href=\"https:\/\/christliche-mitte.de\/index.php\/buch-ueber-telefon-oder-per-mail-bestellbar\/\" data-type=\"page\" data-id=\"6540\">Nicht ohne meine Tochter<\/a><\/strong> (15 \u20ac)<\/p>\n","protected":false},"excerpt":{"rendered":"<p>Bonn. Das Nicolaus-Cusanus-Gymnasium hat inzwischen 552 Sch\u00fcler, 324 davon sind Muslime. Das hei\u00dft, wir wachsen allm\u00e4hlich in eine islamische Mehrheits-Gesellschaft hinein. Den steigenden Zahlen islamischer Einwanderer wird zu wenig christliche Glaubens-Freude und Missionsgeist entgegengestellt. Im Nicolaus-Cusanus-Gymnasium in Bonn z. B. werden muslimische Sch\u00fclerinnen von jungen Muslimen unter Druck gesetzt, sich islamisch zu kleiden. CM-Antiquariat: Nicht&hellip;<\/p>\n","protected":false},"author":1,"featured_media":2024,"comment_status":"closed","ping_status":"closed","sticky":true,"template":"","format":"standard","meta":{"footnotes":""},"categories":[75,70,72,21,4],"tags":[],"class_list":["post-8046","post","type-post","status-publish","format-standard","has-post-thumbnail","hentry","category-familie","category-islam","category-informationen-aus-der-politik","category-religionen","category-kurier-der-christlichen-mitte","entry"],"_links":{"self":[{"href":"https:\/\/christliche-mitte.de\/index.php\/wp-json\/wp\/v2\/posts\/8046","targetHints":{"allow":["GET"]}}],"collection":[{"href":"https:\/\/christliche-mitte.de\/index.php\/wp-json\/wp\/v2\/posts"}],"about":[{"href":"https:\/\/christliche-mitte.de\/index.php\/wp-json\/wp\/v2\/types\/post"}],"author":[{"embeddable":true,"href":"https:\/\/christliche-mitte.de\/index.php\/wp-json\/wp\/v2\/users\/1"}],"replies":[{"embeddable":true,"href":"https:\/\/christliche-mitte.de\/index.php\/wp-json\/wp\/v2\/comments?post=8046"}],"version-history":[{"count":1,"href":"https:\/\/christliche-mitte.de\/index.php\/wp-json\/wp\/v2\/posts\/8046\/revisions"}],"predecessor-version":[{"id":8047,"href":"https:\/\/christliche-mitte.de\/index.php\/wp-json\/wp\/v2\/posts\/8046\/revisions\/8047"}],"wp:featuredmedia":[{"embeddable":true,"href":"https:\/\/christliche-mitte.de\/index.php\/wp-json\/wp\/v2\/media\/2024"}],"wp:attachment":[{"href":"https:\/\/christliche-mitte.de\/index.php\/wp-json\/wp\/v2\/media?parent=8046"}],"wp:term":[{"taxonomy":"category","embeddable":true,"href":"https:\/\/christliche-mitte.de\/index.php\/wp-json\/wp\/v2\/categories?post=8046"},{"taxonomy":"post_tag","embeddable":true,"href":"https:\/\/christliche-mitte.de\/index.php\/wp-json\/wp\/v2\/tags?post=8046"}],"curies":[{"name":"wp","href":"https:\/\/api.w.org\/{rel}","templated":true}]}}