{"id":7749,"date":"2023-07-02T23:10:42","date_gmt":"2023-07-02T21:10:42","guid":{"rendered":"https:\/\/christliche-mitte.de\/?p=7749"},"modified":"2023-07-03T21:30:13","modified_gmt":"2023-07-03T19:30:13","slug":"medwedew-spricht-tacheles","status":"publish","type":"post","link":"https:\/\/christliche-mitte.de\/index.php\/2023\/07\/02\/medwedew-spricht-tacheles\/","title":{"rendered":"Medwedew spricht Tacheles"},"content":{"rendered":"\n<p>Mit \u00dcberschall-Raketen droht Ru\u00dflands Ex-Pr\u00e4sident Medwedew, den Internationalen Strafgerichtshof in den Niederlanden zu beschie\u00dfen.<\/p>\n\n\n\n<p>Dieser hatte Wladimir Putin zum Kriegsverbrecher erkl\u00e4rt. Ein Strafverfahren ist eingeleitet wegen Massenmords, grausamer Kriegsverbrechen und Kinder-Verschleppung. Ru\u00dfland ist emp\u00f6rt. Medwedew fordert eine Antwort mit Waffen. Sicherlich kein Scherz, sondern ein Widerhall des Zeitgeistes. Der Krieg steht vor der T\u00fcr Europas.<\/p>\n\n\n\n<p>Buch: <a href=\"https:\/\/christliche-mitte.de\/index.php\/buch-ueber-telefon-oder-per-mail-bestellbar\/\" data-type=\"page\" data-id=\"6540\"><strong>Visionen \u00fcber den III. Weltkrieg<\/strong><\/a> (20 \u20ac). <strong><a href=\"https:\/\/christliche-mitte.de\/index.php\/buch-ueber-telefon-oder-per-mail-bestellbar\/\" data-type=\"page\" data-id=\"6540\">Morgenrot einer neuen Zeit<\/a><\/strong> (10 \u20ac)<\/p>\n","protected":false},"excerpt":{"rendered":"<p>Mit \u00dcberschall-Raketen droht Ru\u00dflands Ex-Pr\u00e4sident Medwedew, den Internationalen Strafgerichtshof in den Niederlanden zu beschie\u00dfen. Dieser hatte Wladimir Putin zum Kriegsverbrecher erkl\u00e4rt. Ein Strafverfahren ist eingeleitet wegen Massenmords, grausamer Kriegsverbrechen und Kinder-Verschleppung. Ru\u00dfland ist emp\u00f6rt. Medwedew fordert eine Antwort mit Waffen. Sicherlich kein Scherz, sondern ein Widerhall des Zeitgeistes. Der Krieg steht vor der T\u00fcr Europas.&hellip;<\/p>\n","protected":false},"author":1,"featured_media":7753,"comment_status":"closed","ping_status":"closed","sticky":true,"template":"","format":"standard","meta":{"footnotes":""},"categories":[72,4],"tags":[],"class_list":["post-7749","post","type-post","status-publish","format-standard","has-post-thumbnail","hentry","category-informationen-aus-der-politik","category-kurier-der-christlichen-mitte","entry"],"_links":{"self":[{"href":"https:\/\/christliche-mitte.de\/index.php\/wp-json\/wp\/v2\/posts\/7749","targetHints":{"allow":["GET"]}}],"collection":[{"href":"https:\/\/christliche-mitte.de\/index.php\/wp-json\/wp\/v2\/posts"}],"about":[{"href":"https:\/\/christliche-mitte.de\/index.php\/wp-json\/wp\/v2\/types\/post"}],"author":[{"embeddable":true,"href":"https:\/\/christliche-mitte.de\/index.php\/wp-json\/wp\/v2\/users\/1"}],"replies":[{"embeddable":true,"href":"https:\/\/christliche-mitte.de\/index.php\/wp-json\/wp\/v2\/comments?post=7749"}],"version-history":[{"count":1,"href":"https:\/\/christliche-mitte.de\/index.php\/wp-json\/wp\/v2\/posts\/7749\/revisions"}],"predecessor-version":[{"id":7750,"href":"https:\/\/christliche-mitte.de\/index.php\/wp-json\/wp\/v2\/posts\/7749\/revisions\/7750"}],"wp:featuredmedia":[{"embeddable":true,"href":"https:\/\/christliche-mitte.de\/index.php\/wp-json\/wp\/v2\/media\/7753"}],"wp:attachment":[{"href":"https:\/\/christliche-mitte.de\/index.php\/wp-json\/wp\/v2\/media?parent=7749"}],"wp:term":[{"taxonomy":"category","embeddable":true,"href":"https:\/\/christliche-mitte.de\/index.php\/wp-json\/wp\/v2\/categories?post=7749"},{"taxonomy":"post_tag","embeddable":true,"href":"https:\/\/christliche-mitte.de\/index.php\/wp-json\/wp\/v2\/tags?post=7749"}],"curies":[{"name":"wp","href":"https:\/\/api.w.org\/{rel}","templated":true}]}}