{"id":7701,"date":"2023-06-02T13:32:36","date_gmt":"2023-06-02T11:32:36","guid":{"rendered":"https:\/\/christliche-mitte.de\/?p=7701"},"modified":"2023-06-02T13:36:04","modified_gmt":"2023-06-02T11:36:04","slug":"danke-fuer-die-lourdes-grotte","status":"publish","type":"post","link":"https:\/\/christliche-mitte.de\/index.php\/2023\/06\/02\/danke-fuer-die-lourdes-grotte\/","title":{"rendered":"Danke f\u00fcr die Lourdes-Grotte"},"content":{"rendered":"\n<p>Die Marien-Grotte und der H\u00e4user-Komplex in Orisha, Indien, die dank der Spenden von KURIER-Lesern 2022 errichtet werden konnten, sind im Dezember vom zust\u00e4ndigen Bischof geweiht worden.<\/p>\n\n\n\n<p>Die Lourdes-Grotte ist Teil eines neuen Priorates unserer Rosarier-Priester. Im Laufe des Jahres 2023 werden mehrere Priester aus Bangalore dorthin entsandt, um die Seelsorge vor Ort zu \u00fcbernehmen. Die Grotte steht allen Gl\u00e4ubigen der Umgebung offen. In der neu errichteten Kirche auf dem Gel\u00e4nde ist dauerhaft das Allerheiligste zur Ewigen Anbetung ausgesetzt. Gl\u00e4ubige vor Ort k\u00f6nnen jederzeit teilnehmen. Als n\u00e4chstes werden die Priester neben dem neuen Priorat mehrere kleine&nbsp; H\u00e4uschen (2500 \u20ac) f\u00fcr Bedienstete bauen. <br>Wer helfen m\u00f6chte, nehme bitte das Konto unserer Vereinigung: <br>DE11 4166 0124 0759 0015 00. GOTT vergelt\u2019s!<\/p>\n","protected":false},"excerpt":{"rendered":"<p>Die Marien-Grotte und der H\u00e4user-Komplex in Orisha, Indien, die dank der Spenden von KURIER-Lesern 2022 errichtet werden konnten, sind im Dezember vom zust\u00e4ndigen Bischof geweiht worden. Die Lourdes-Grotte ist Teil eines neuen Priorates unserer Rosarier-Priester. Im Laufe des Jahres 2023 werden mehrere Priester aus Bangalore dorthin entsandt, um die Seelsorge vor Ort zu \u00fcbernehmen. Die&hellip;<\/p>\n","protected":false},"author":1,"featured_media":6536,"comment_status":"closed","ping_status":"closed","sticky":true,"template":"","format":"standard","meta":{"footnotes":""},"categories":[21,349,4],"tags":[],"class_list":["post-7701","post","type-post","status-publish","format-standard","has-post-thumbnail","hentry","category-religionen","category-hier-koennen-sie-helfen","category-kurier-der-christlichen-mitte","entry"],"_links":{"self":[{"href":"https:\/\/christliche-mitte.de\/index.php\/wp-json\/wp\/v2\/posts\/7701","targetHints":{"allow":["GET"]}}],"collection":[{"href":"https:\/\/christliche-mitte.de\/index.php\/wp-json\/wp\/v2\/posts"}],"about":[{"href":"https:\/\/christliche-mitte.de\/index.php\/wp-json\/wp\/v2\/types\/post"}],"author":[{"embeddable":true,"href":"https:\/\/christliche-mitte.de\/index.php\/wp-json\/wp\/v2\/users\/1"}],"replies":[{"embeddable":true,"href":"https:\/\/christliche-mitte.de\/index.php\/wp-json\/wp\/v2\/comments?post=7701"}],"version-history":[{"count":2,"href":"https:\/\/christliche-mitte.de\/index.php\/wp-json\/wp\/v2\/posts\/7701\/revisions"}],"predecessor-version":[{"id":7703,"href":"https:\/\/christliche-mitte.de\/index.php\/wp-json\/wp\/v2\/posts\/7701\/revisions\/7703"}],"wp:featuredmedia":[{"embeddable":true,"href":"https:\/\/christliche-mitte.de\/index.php\/wp-json\/wp\/v2\/media\/6536"}],"wp:attachment":[{"href":"https:\/\/christliche-mitte.de\/index.php\/wp-json\/wp\/v2\/media?parent=7701"}],"wp:term":[{"taxonomy":"category","embeddable":true,"href":"https:\/\/christliche-mitte.de\/index.php\/wp-json\/wp\/v2\/categories?post=7701"},{"taxonomy":"post_tag","embeddable":true,"href":"https:\/\/christliche-mitte.de\/index.php\/wp-json\/wp\/v2\/tags?post=7701"}],"curies":[{"name":"wp","href":"https:\/\/api.w.org\/{rel}","templated":true}]}}