{"id":7698,"date":"2023-06-02T13:23:42","date_gmt":"2023-06-02T11:23:42","guid":{"rendered":"https:\/\/christliche-mitte.de\/?p=7698"},"modified":"2023-06-02T13:31:56","modified_gmt":"2023-06-02T11:31:56","slug":"das-wunder-von-garabandal-v","status":"publish","type":"post","link":"https:\/\/christliche-mitte.de\/index.php\/2023\/06\/02\/das-wunder-von-garabandal-v\/","title":{"rendered":"Das Wunder von Garabandal (V)"},"content":{"rendered":"\n<p>Die Muttergottes enth\u00fcllt den vier Seherkindern den Sinn von \u201eWarnung \u2013 Wunder \u2013 Strafgericht\u201c, welche sich in naher Zukunft ereignen werden, weil die Menschheit von GOTT abgefallen ist:<\/p>\n\n\n\n<p>\u201eDie Guten sollen GOTT n\u00e4hergebracht, die anderen gewarnt werden. Alle Menschen werden Angst haben. Weltweit werden alle die Warnung sehen k\u00f6nnen \u2013 die Offenbarung unserer S\u00fcnden im Innern jedes Einzelnen.\u201c Die Seher-Kinder geben die Worte der Gottesmutter zu Protokoll: \u201eDanach werden wir weinen, wenn wir den Zustand unserer Seele erkennen. Wenn wir daran sterben, wird es nicht durch die Warnung selbst sein, sondern durch die starke Erregung, die wir beim Anblick der Warnung empfinden. Sie wird viel schreck\u00adlicher sein als ein Erdbeben.\u201c <br>Mari Loli erkl\u00e4rt: \u201eEs wird aussehen, als h\u00e4tten die Kommunisten die ganze Welt \u00fcbernommen, und es wird schwer sein, unsere Religion zu praktizieren, f\u00fcr Priester, die Messe zu lesen, und f\u00fcr die Menschen, die Tore der Kirchen zu \u00f6ffnen. Wer praktizieren will, mu\u00df dies im Verborgenen tun.\u201c <br>Warnung und Wunder werden kommen, \u201ewenn Ru\u00dfland einen gro\u00dfen Teil der freien Welt unvorhergesehen und pl\u00f6tzlich \u00fcberfallen und \u00fcberfluten wird.\u201c <br>Conchita: \u201eIch bin m\u00fcde, es anzuk\u00fcndigen, und die Welt nimmt es mit Gleichmut hin.\u201c Doch die Gottesmutter Maria l\u00e4\u00dft sie wissen: \u201eBisher f\u00fcllte sich der Becher. Nun l\u00e4uft er \u00fcber. Die Priester, Bisch\u00f6fe und Kardin\u00e4le gehen in gro\u00dfer Zahl den Weg des Verderbens und rei\u00dfen noch viel mehr Seelen mit auf diesen Weg. Der Eucharistie schenkt man immer weniger Beachtung. Ihr sollt mehr Opfer bringen. Denkt an das Leiden JESU.\u201c <br>Buch:<strong><a href=\"https:\/\/christliche-mitte.de\/index.php\/buch-ueber-telefon-oder-per-mail-bestellbar\/\" data-type=\"page\" data-id=\"6540\"> Kleine Papstgeschichte.Von den Anf\u00e4ngen bis zur Gegenwart <\/a><\/strong>(10 \u20ac)<\/p>\n","protected":false},"excerpt":{"rendered":"<p>Die Muttergottes enth\u00fcllt den vier Seherkindern den Sinn von \u201eWarnung \u2013 Wunder \u2013 Strafgericht\u201c, welche sich in naher Zukunft ereignen werden, weil die Menschheit von GOTT abgefallen ist: \u201eDie Guten sollen GOTT n\u00e4hergebracht, die anderen gewarnt werden. Alle Menschen werden Angst haben. Weltweit werden alle die Warnung sehen k\u00f6nnen \u2013 die Offenbarung unserer S\u00fcnden im&hellip;<\/p>\n","protected":false},"author":1,"featured_media":0,"comment_status":"closed","ping_status":"closed","sticky":true,"template":"","format":"standard","meta":{"footnotes":""},"categories":[21,4],"tags":[],"class_list":["post-7698","post","type-post","status-publish","format-standard","hentry","category-religionen","category-kurier-der-christlichen-mitte","no-post-thumbnail","entry"],"_links":{"self":[{"href":"https:\/\/christliche-mitte.de\/index.php\/wp-json\/wp\/v2\/posts\/7698","targetHints":{"allow":["GET"]}}],"collection":[{"href":"https:\/\/christliche-mitte.de\/index.php\/wp-json\/wp\/v2\/posts"}],"about":[{"href":"https:\/\/christliche-mitte.de\/index.php\/wp-json\/wp\/v2\/types\/post"}],"author":[{"embeddable":true,"href":"https:\/\/christliche-mitte.de\/index.php\/wp-json\/wp\/v2\/users\/1"}],"replies":[{"embeddable":true,"href":"https:\/\/christliche-mitte.de\/index.php\/wp-json\/wp\/v2\/comments?post=7698"}],"version-history":[{"count":1,"href":"https:\/\/christliche-mitte.de\/index.php\/wp-json\/wp\/v2\/posts\/7698\/revisions"}],"predecessor-version":[{"id":7699,"href":"https:\/\/christliche-mitte.de\/index.php\/wp-json\/wp\/v2\/posts\/7698\/revisions\/7699"}],"wp:attachment":[{"href":"https:\/\/christliche-mitte.de\/index.php\/wp-json\/wp\/v2\/media?parent=7698"}],"wp:term":[{"taxonomy":"category","embeddable":true,"href":"https:\/\/christliche-mitte.de\/index.php\/wp-json\/wp\/v2\/categories?post=7698"},{"taxonomy":"post_tag","embeddable":true,"href":"https:\/\/christliche-mitte.de\/index.php\/wp-json\/wp\/v2\/tags?post=7698"}],"curies":[{"name":"wp","href":"https:\/\/api.w.org\/{rel}","templated":true}]}}