{"id":7689,"date":"2023-06-01T22:24:43","date_gmt":"2023-06-01T20:24:43","guid":{"rendered":"https:\/\/christliche-mitte.de\/?p=7689"},"modified":"2023-06-01T22:28:11","modified_gmt":"2023-06-01T20:28:11","slug":"gebet-statt-kraeuter-likoer","status":"publish","type":"post","link":"https:\/\/christliche-mitte.de\/index.php\/2023\/06\/01\/gebet-statt-kraeuter-likoer\/","title":{"rendered":"Gebet statt Kr\u00e4uter-Lik\u00f6r"},"content":{"rendered":"\n<p><strong><em>Offener Brief an die franz\u00f6sischen Kart\u00e4user-M\u00f6nche<\/em><\/strong><br><br><strong>Hochw\u00fcrdige Kart\u00e4user,<\/strong><\/p>\n\n\n\n<p>ein Kr\u00e4uter-Lik\u00f6r ist, vor allem wenn er zu einer guten Verdauung verhilft, zu begr\u00fc\u00dfen. Noch dazu, wenn er nach einem uralten, von Gesundheits-Erfahrung getr\u00e4nkten Kloster-Rezept angesetzt ist. Wie bei Ihrem \u201eChartreuse\u201c, den Sie aus 130 Pflanzen, Blumen und Kr\u00e4utern zusammenstellen. Nur zwei Ihrer M\u00f6nche kennen das Rezept f\u00fcr den Lik\u00f6r, doch jeder wei\u00df nur die H\u00e4lfte, so da\u00df beide zusammenarbeiten m\u00fcssen. Die Destillation beaufsichtigen Sie gemeinsam mit Laien-Mitarbeitern. Soweit zur g\u00e4ngigen Praxis. <br><br>Erfreulich ist die besonders aktuelle Entscheidung in diesem Jahr angesichts der \u00fcberhandnehmenden Nachfrage durch Kr\u00e4uter-Lik\u00f6r-Kunden weltweit: Sie wollen der Kommerzialisierung Ihres Klosters Einhalt gebieten und lehnen daher eine Produktions-Steigerung ab, um Ihrer Berufung als M\u00f6nche nachzukommen. Gebet, Gottesdienst, Bu\u00dfe stehen an erster Stelle Ihres Lebens, nicht die Produktion von Lik\u00f6r. <br>Danke, da\u00df Sie sich zu Ihrer \u00fcbernat\u00fcrlichen Sendung und zum Gebetsleben bekennen, statt auf Wirtschafts-Erfolg zu setzen. Segensgr\u00fc\u00dfe, \u00a0\u00a0\u00a0\u00a0\u00a0\u00a0\u00a0\u00a0\u00a0\u00a0\u00a0\u00a0 <br>Ihre KURIER-Redaktion<\/p>\n\n\n\n<p>CM-Antiquariat: <a href=\"https:\/\/christliche-mitte.de\/index.php\/buch-ueber-telefon-oder-per-mail-bestellbar\/\" data-type=\"page\" data-id=\"6540\">Kloster-K\u00fcche der Hildegard von Bingen<\/a> (15 \u20ac)<\/p>\n","protected":false},"excerpt":{"rendered":"<p>Offener Brief an die franz\u00f6sischen Kart\u00e4user-M\u00f6nche Hochw\u00fcrdige Kart\u00e4user, ein Kr\u00e4uter-Lik\u00f6r ist, vor allem wenn er zu einer guten Verdauung verhilft, zu begr\u00fc\u00dfen. Noch dazu, wenn er nach einem uralten, von Gesundheits-Erfahrung getr\u00e4nkten Kloster-Rezept angesetzt ist. Wie bei Ihrem \u201eChartreuse\u201c, den Sie aus 130 Pflanzen, Blumen und Kr\u00e4utern zusammenstellen. Nur zwei Ihrer M\u00f6nche kennen das Rezept&hellip;<\/p>\n","protected":false},"author":1,"featured_media":0,"comment_status":"closed","ping_status":"closed","sticky":true,"template":"","format":"standard","meta":{"footnotes":""},"categories":[4,338],"tags":[],"class_list":["post-7689","post","type-post","status-publish","format-standard","hentry","category-kurier-der-christlichen-mitte","category-offener-brief-an","no-post-thumbnail","entry"],"_links":{"self":[{"href":"https:\/\/christliche-mitte.de\/index.php\/wp-json\/wp\/v2\/posts\/7689","targetHints":{"allow":["GET"]}}],"collection":[{"href":"https:\/\/christliche-mitte.de\/index.php\/wp-json\/wp\/v2\/posts"}],"about":[{"href":"https:\/\/christliche-mitte.de\/index.php\/wp-json\/wp\/v2\/types\/post"}],"author":[{"embeddable":true,"href":"https:\/\/christliche-mitte.de\/index.php\/wp-json\/wp\/v2\/users\/1"}],"replies":[{"embeddable":true,"href":"https:\/\/christliche-mitte.de\/index.php\/wp-json\/wp\/v2\/comments?post=7689"}],"version-history":[{"count":1,"href":"https:\/\/christliche-mitte.de\/index.php\/wp-json\/wp\/v2\/posts\/7689\/revisions"}],"predecessor-version":[{"id":7690,"href":"https:\/\/christliche-mitte.de\/index.php\/wp-json\/wp\/v2\/posts\/7689\/revisions\/7690"}],"wp:attachment":[{"href":"https:\/\/christliche-mitte.de\/index.php\/wp-json\/wp\/v2\/media?parent=7689"}],"wp:term":[{"taxonomy":"category","embeddable":true,"href":"https:\/\/christliche-mitte.de\/index.php\/wp-json\/wp\/v2\/categories?post=7689"},{"taxonomy":"post_tag","embeddable":true,"href":"https:\/\/christliche-mitte.de\/index.php\/wp-json\/wp\/v2\/tags?post=7689"}],"curies":[{"name":"wp","href":"https:\/\/api.w.org\/{rel}","templated":true}]}}