{"id":7564,"date":"2023-04-01T23:02:48","date_gmt":"2023-04-01T21:02:48","guid":{"rendered":"https:\/\/christliche-mitte.de\/?p=7564"},"modified":"2023-04-01T23:09:45","modified_gmt":"2023-04-01T21:09:45","slug":"china-kauft-sich-im-kongo-ein","status":"publish","type":"post","link":"https:\/\/christliche-mitte.de\/index.php\/2023\/04\/01\/china-kauft-sich-im-kongo-ein\/","title":{"rendered":"China kauft sich im Kongo ein"},"content":{"rendered":"\n<p>Die Papstreise in den Kongo Ende Januar 2023 lenkt die Aufmerksamkeit auf das Land im Herzen Afrikas.<\/p>\n\n\n\n<p>Der Kongo leidet derzeit unter der Ausbreitung chinesischer Staatskonzerne, die Rohstoffe im Kongo aufkaufen. F\u00fcr Jahrzehnte haben sich die Chinesen z. B. Litium gesichert. Daneben Kinderarbeit f\u00fcr kostbare Erze, deren Gewinne muslimische Milizen kassieren. Der Staat Kongo zahlt oft keine Geh\u00e4lter an seine Beamten. Daf\u00fcr aber funktionieren kirchliche Schulen und Krankenh\u00e4user. Die H\u00e4lfte der 87 Millionen Einwohner sind katholisch. Die meisten Menschen leben von 2 \u20ac am Tage.<\/p>\n\n\n\n<p>Buch: <strong><a href=\"https:\/\/christliche-mitte.de\/index.php\/buch-ueber-telefon-oder-per-mail-bestellbar\/\" data-type=\"page\" data-id=\"6540\">Die chinesische Zivilisation <\/a><\/strong>(10 \u20ac)<\/p>\n","protected":false},"excerpt":{"rendered":"<p>Die Papstreise in den Kongo Ende Januar 2023 lenkt die Aufmerksamkeit auf das Land im Herzen Afrikas. Der Kongo leidet derzeit unter der Ausbreitung chinesischer Staatskonzerne, die Rohstoffe im Kongo aufkaufen. F\u00fcr Jahrzehnte haben sich die Chinesen z. B. Litium gesichert. Daneben Kinderarbeit f\u00fcr kostbare Erze, deren Gewinne muslimische Milizen kassieren. Der Staat Kongo zahlt&hellip;<\/p>\n","protected":false},"author":1,"featured_media":5504,"comment_status":"closed","ping_status":"closed","sticky":false,"template":"","format":"standard","meta":{"footnotes":""},"categories":[72,4],"tags":[],"class_list":["post-7564","post","type-post","status-publish","format-standard","has-post-thumbnail","hentry","category-informationen-aus-der-politik","category-kurier-der-christlichen-mitte","entry"],"_links":{"self":[{"href":"https:\/\/christliche-mitte.de\/index.php\/wp-json\/wp\/v2\/posts\/7564","targetHints":{"allow":["GET"]}}],"collection":[{"href":"https:\/\/christliche-mitte.de\/index.php\/wp-json\/wp\/v2\/posts"}],"about":[{"href":"https:\/\/christliche-mitte.de\/index.php\/wp-json\/wp\/v2\/types\/post"}],"author":[{"embeddable":true,"href":"https:\/\/christliche-mitte.de\/index.php\/wp-json\/wp\/v2\/users\/1"}],"replies":[{"embeddable":true,"href":"https:\/\/christliche-mitte.de\/index.php\/wp-json\/wp\/v2\/comments?post=7564"}],"version-history":[{"count":1,"href":"https:\/\/christliche-mitte.de\/index.php\/wp-json\/wp\/v2\/posts\/7564\/revisions"}],"predecessor-version":[{"id":7565,"href":"https:\/\/christliche-mitte.de\/index.php\/wp-json\/wp\/v2\/posts\/7564\/revisions\/7565"}],"wp:featuredmedia":[{"embeddable":true,"href":"https:\/\/christliche-mitte.de\/index.php\/wp-json\/wp\/v2\/media\/5504"}],"wp:attachment":[{"href":"https:\/\/christliche-mitte.de\/index.php\/wp-json\/wp\/v2\/media?parent=7564"}],"wp:term":[{"taxonomy":"category","embeddable":true,"href":"https:\/\/christliche-mitte.de\/index.php\/wp-json\/wp\/v2\/categories?post=7564"},{"taxonomy":"post_tag","embeddable":true,"href":"https:\/\/christliche-mitte.de\/index.php\/wp-json\/wp\/v2\/tags?post=7564"}],"curies":[{"name":"wp","href":"https:\/\/api.w.org\/{rel}","templated":true}]}}