{"id":7552,"date":"2023-04-01T22:29:05","date_gmt":"2023-04-01T20:29:05","guid":{"rendered":"https:\/\/christliche-mitte.de\/?p=7552"},"modified":"2023-04-01T22:32:25","modified_gmt":"2023-04-01T20:32:25","slug":"mut-zur-missa-tridentina","status":"publish","type":"post","link":"https:\/\/christliche-mitte.de\/index.php\/2023\/04\/01\/mut-zur-missa-tridentina\/","title":{"rendered":"<strong>Mut zur missa tridentina<\/strong>"},"content":{"rendered":"\n<p><strong><em>Offener Brief an H.H. Bischof Athanasius Schneider, Astana\/Kasachstan<\/em><\/strong><\/p>\n\n\n\n<p><strong>Hochw\u00fcrdiger Herr <a href=\"https:\/\/gloria.tv\/post\/vTzwwfThzBSv3pzdBCUWmZBY7\">Bischof Athanasius Schneider,<\/a><\/strong><\/p>\n\n\n\n<p>CHRISTUS ist auferstanden. Ja, er ist wahrhaft auferstanden! <br>Gesegnetes Osterfest! <br>Wir nehmen das zum Anla\u00df, Ihnen unsere Anerkennung f\u00fcr Ihre Ermutigung zur Feier der missa tridentina auszusprechen, Worte, die derzeit auf You tube im Internet ausgestrahlt werden. Sie stellen klar: Die neue Me\u00dfliturgie ist zwar g\u00fcltig, doch wenn sie verabsolutiert wird wie im p\u00e4pstlichen Schreiben \u201ecustodis traditiones\u201c (2021), wird sie zum Gewalt-Akt, dem der einzelne Priester und die Gl\u00e4ubigen nicht Folge leisten m\u00fcssen. <br>Das II. Vaticanum ersetzte z.B. die Offertoriums-Gebete &#8211; die 2.000 Jahre lang das Herzst\u00fcck der katholischen Kirche bildeten und den Opfer-Charakter der heiligen Messe betonten &#8211; in einem revolution\u00e4ren Akt durch andere Offertoriums-Gebete, die den Opfer-Charakter der heiligen Messe in den Hintergrund r\u00fccken. <br>Wenn nun Rom seit Juli 2021 wiederholt die Feier der alten Liturgie verbietet und die Ausbildung von Priestern in diesem Ritus verhindert, dann ist es \u201edie heilige Pflicht eines jedes Katholiken, den Gehorsam in diesem Punkt aufzuk\u00fcndigen, und zwar aus Liebe zur heiligen Kirche und aus Liebe zum Amt des Papstes.\u201c <\/p>\n\n\n\n<p>So Ihre mutigen Worte auf You Tube. Ihre Folgerung:<strong> \u201eCustodis traditiones ist ein so gewaltsamer Schlag gegen die Tradition der katholischen Kirche, da\u00df es keinen Bestand haben wird.\u201c <\/strong><br>Im Gebet verbunden,<br><em>Ihre KURIER-Redaktion<\/em><\/p>\n\n\n\n<p>Buch: <strong><a href=\"https:\/\/christliche-mitte.de\/index.php\/buch-ueber-telefon-oder-per-mail-bestellbar\/\" data-type=\"page\" data-id=\"6540\">Christus vincit. Interview mit Bischof Athanasius Schneider<\/a><\/strong> (20 \u20ac)<\/p>\n","protected":false},"excerpt":{"rendered":"<p>Offener Brief an H.H. Bischof Athanasius Schneider, Astana\/Kasachstan Hochw\u00fcrdiger Herr Bischof Athanasius Schneider, CHRISTUS ist auferstanden. Ja, er ist wahrhaft auferstanden! Gesegnetes Osterfest! Wir nehmen das zum Anla\u00df, Ihnen unsere Anerkennung f\u00fcr Ihre Ermutigung zur Feier der missa tridentina auszusprechen, Worte, die derzeit auf You tube im Internet ausgestrahlt werden. Sie stellen klar: Die neue&hellip;<\/p>\n","protected":false},"author":1,"featured_media":6146,"comment_status":"closed","ping_status":"closed","sticky":true,"template":"","format":"standard","meta":{"footnotes":""},"categories":[71,4],"tags":[],"class_list":["post-7552","post","type-post","status-publish","format-standard","has-post-thumbnail","hentry","category-christus-glaube","category-kurier-der-christlichen-mitte","entry"],"_links":{"self":[{"href":"https:\/\/christliche-mitte.de\/index.php\/wp-json\/wp\/v2\/posts\/7552","targetHints":{"allow":["GET"]}}],"collection":[{"href":"https:\/\/christliche-mitte.de\/index.php\/wp-json\/wp\/v2\/posts"}],"about":[{"href":"https:\/\/christliche-mitte.de\/index.php\/wp-json\/wp\/v2\/types\/post"}],"author":[{"embeddable":true,"href":"https:\/\/christliche-mitte.de\/index.php\/wp-json\/wp\/v2\/users\/1"}],"replies":[{"embeddable":true,"href":"https:\/\/christliche-mitte.de\/index.php\/wp-json\/wp\/v2\/comments?post=7552"}],"version-history":[{"count":1,"href":"https:\/\/christliche-mitte.de\/index.php\/wp-json\/wp\/v2\/posts\/7552\/revisions"}],"predecessor-version":[{"id":7553,"href":"https:\/\/christliche-mitte.de\/index.php\/wp-json\/wp\/v2\/posts\/7552\/revisions\/7553"}],"wp:featuredmedia":[{"embeddable":true,"href":"https:\/\/christliche-mitte.de\/index.php\/wp-json\/wp\/v2\/media\/6146"}],"wp:attachment":[{"href":"https:\/\/christliche-mitte.de\/index.php\/wp-json\/wp\/v2\/media?parent=7552"}],"wp:term":[{"taxonomy":"category","embeddable":true,"href":"https:\/\/christliche-mitte.de\/index.php\/wp-json\/wp\/v2\/categories?post=7552"},{"taxonomy":"post_tag","embeddable":true,"href":"https:\/\/christliche-mitte.de\/index.php\/wp-json\/wp\/v2\/tags?post=7552"}],"curies":[{"name":"wp","href":"https:\/\/api.w.org\/{rel}","templated":true}]}}