{"id":7479,"date":"2023-03-09T22:45:16","date_gmt":"2023-03-09T21:45:16","guid":{"rendered":"https:\/\/christliche-mitte.de\/?p=7479"},"modified":"2023-03-09T22:47:54","modified_gmt":"2023-03-09T21:47:54","slug":"bischof-baetzing-geht-eigen-weg","status":"publish","type":"post","link":"https:\/\/christliche-mitte.de\/index.php\/2023\/03\/09\/bischof-baetzing-geht-eigen-weg\/","title":{"rendered":"<strong>Bischof B\u00e4tzing geht Eigen-Weg<\/strong>"},"content":{"rendered":"\n<p>Der Vorsitzende der Deutschen Bischofs-Konferenz Georg B\u00e4tzing, Limburg, setzt \u2013 trotz eines Nein aus Rom \u2013 einen \u201eSynodalen Rat\u201c in seinem Bistum als Entscheidungs-Gremium ein. Er will den \u201eSynodalen Weg\u201c eigenm\u00e4chtig fortsetzen.<\/p>\n\n\n\n<p>F\u00fcnf deutsche Bisch\u00f6fe (Woelki, Voderholzer, Meier, Oster, Han\u00adke) fragen in Rom an, ob das richtig ist. Die Antwort Ende Januar 2023 lautet Nein. Dennoch spaltet B\u00e4tzing sich ab von der katho\u00adlischen Weltkirche. <br>CM-Buch: <strong><a href=\"https:\/\/christliche-mitte.de\/index.php\/produkt\/kleine-papst-geschichte\/\" data-type=\"product\" data-id=\"5881\">Kleine Papstgeschichte<\/a><\/strong> (10 \u20ac)<\/p>\n","protected":false},"excerpt":{"rendered":"<p>Der Vorsitzende der Deutschen Bischofs-Konferenz Georg B\u00e4tzing, Limburg, setzt \u2013 trotz eines Nein aus Rom \u2013 einen \u201eSynodalen Rat\u201c in seinem Bistum als Entscheidungs-Gremium ein. Er will den \u201eSynodalen Weg\u201c eigenm\u00e4chtig fortsetzen. F\u00fcnf deutsche Bisch\u00f6fe (Woelki, Voderholzer, Meier, Oster, Han\u00adke) fragen in Rom an, ob das richtig ist. Die Antwort Ende Januar 2023 lautet Nein.&hellip;<\/p>\n","protected":false},"author":1,"featured_media":7480,"comment_status":"closed","ping_status":"closed","sticky":true,"template":"","format":"standard","meta":{"footnotes":""},"categories":[71,21],"tags":[],"class_list":["post-7479","post","type-post","status-publish","format-standard","has-post-thumbnail","hentry","category-christus-glaube","category-religionen","entry"],"_links":{"self":[{"href":"https:\/\/christliche-mitte.de\/index.php\/wp-json\/wp\/v2\/posts\/7479","targetHints":{"allow":["GET"]}}],"collection":[{"href":"https:\/\/christliche-mitte.de\/index.php\/wp-json\/wp\/v2\/posts"}],"about":[{"href":"https:\/\/christliche-mitte.de\/index.php\/wp-json\/wp\/v2\/types\/post"}],"author":[{"embeddable":true,"href":"https:\/\/christliche-mitte.de\/index.php\/wp-json\/wp\/v2\/users\/1"}],"replies":[{"embeddable":true,"href":"https:\/\/christliche-mitte.de\/index.php\/wp-json\/wp\/v2\/comments?post=7479"}],"version-history":[{"count":1,"href":"https:\/\/christliche-mitte.de\/index.php\/wp-json\/wp\/v2\/posts\/7479\/revisions"}],"predecessor-version":[{"id":7481,"href":"https:\/\/christliche-mitte.de\/index.php\/wp-json\/wp\/v2\/posts\/7479\/revisions\/7481"}],"wp:featuredmedia":[{"embeddable":true,"href":"https:\/\/christliche-mitte.de\/index.php\/wp-json\/wp\/v2\/media\/7480"}],"wp:attachment":[{"href":"https:\/\/christliche-mitte.de\/index.php\/wp-json\/wp\/v2\/media?parent=7479"}],"wp:term":[{"taxonomy":"category","embeddable":true,"href":"https:\/\/christliche-mitte.de\/index.php\/wp-json\/wp\/v2\/categories?post=7479"},{"taxonomy":"post_tag","embeddable":true,"href":"https:\/\/christliche-mitte.de\/index.php\/wp-json\/wp\/v2\/tags?post=7479"}],"curies":[{"name":"wp","href":"https:\/\/api.w.org\/{rel}","templated":true}]}}