{"id":7472,"date":"2023-03-09T22:26:55","date_gmt":"2023-03-09T21:26:55","guid":{"rendered":"https:\/\/christliche-mitte.de\/?p=7472"},"modified":"2023-03-09T22:26:56","modified_gmt":"2023-03-09T21:26:56","slug":"das-wunder-von-garabandal-ii","status":"publish","type":"post","link":"https:\/\/christliche-mitte.de\/index.php\/2023\/03\/09\/das-wunder-von-garabandal-ii\/","title":{"rendered":"<strong>Das Wunder von Garabandal (II)<\/strong>"},"content":{"rendered":"\n<p>Pater Pio (\u20201968) schreibt an Conchita (12), eines der Seherkinder von Garabandal: \u201eSie glauben euch nicht und euren Gespr\u00e4chen mit der Wei\u00dfen Dame, aber sie werden glauben, wenn es zu sp\u00e4t ist.\u201c<\/p>\n\n\n\n<p>Der Kapuziner-Pater Pio \u2013 stigmatisierter Mystiker in S\u00fcd-Italien \u2013 h\u00e4lt die Visionen der Kinder von Garabandal f\u00fcr echt: \u201eBetet und ermutigt andere, auch zu beten, denn diese Welt steht am Anfang des Untergangs.\u201c <br>Er schreibt italienisch an die 12j\u00e4hrige Conchita, doch sie kennt weder den Pater, noch spricht sie italienisch. Ein Seminarist \u00fcbersetzt den Brief und erkl\u00e4rt ihr, wer Pater Pio ist. Conchita erh\u00e4lt auch von Pater Pio nach seinem Tod dessen Rosenkranz und einen Handschuh (der ein Wundmal be\u00addeckte) sowie den Schleier, der nach seinem Tod sein Gesicht verh\u00fcllte. <br>Dazu die diktierte Botschaft: \u201eIch bete zur allerseligsten Jungfrau, da\u00df sie dich tr\u00f6stet und zur Heiligkeit f\u00fchrt. Ich segne dich von ganzem Herzen!\u201c <br>Buch: <strong><a href=\"https:\/\/christliche-mitte.de\/index.php\/buch-ueber-telefon-oder-per-mail-bestellbar\/\" data-type=\"page\" data-id=\"6540\">Garabandal \u2013 Warnung und Wunder<\/a><\/strong> (24 \u20ac)<\/p>\n","protected":false},"excerpt":{"rendered":"<p>Pater Pio (\u20201968) schreibt an Conchita (12), eines der Seherkinder von Garabandal: \u201eSie glauben euch nicht und euren Gespr\u00e4chen mit der Wei\u00dfen Dame, aber sie werden glauben, wenn es zu sp\u00e4t ist.\u201c Der Kapuziner-Pater Pio \u2013 stigmatisierter Mystiker in S\u00fcd-Italien \u2013 h\u00e4lt die Visionen der Kinder von Garabandal f\u00fcr echt: \u201eBetet und ermutigt andere, auch&hellip;<\/p>\n","protected":false},"author":1,"featured_media":0,"comment_status":"closed","ping_status":"closed","sticky":false,"template":"","format":"standard","meta":{"footnotes":""},"categories":[71,21,4],"tags":[],"class_list":["post-7472","post","type-post","status-publish","format-standard","hentry","category-christus-glaube","category-religionen","category-kurier-der-christlichen-mitte","no-post-thumbnail","entry"],"_links":{"self":[{"href":"https:\/\/christliche-mitte.de\/index.php\/wp-json\/wp\/v2\/posts\/7472","targetHints":{"allow":["GET"]}}],"collection":[{"href":"https:\/\/christliche-mitte.de\/index.php\/wp-json\/wp\/v2\/posts"}],"about":[{"href":"https:\/\/christliche-mitte.de\/index.php\/wp-json\/wp\/v2\/types\/post"}],"author":[{"embeddable":true,"href":"https:\/\/christliche-mitte.de\/index.php\/wp-json\/wp\/v2\/users\/1"}],"replies":[{"embeddable":true,"href":"https:\/\/christliche-mitte.de\/index.php\/wp-json\/wp\/v2\/comments?post=7472"}],"version-history":[{"count":1,"href":"https:\/\/christliche-mitte.de\/index.php\/wp-json\/wp\/v2\/posts\/7472\/revisions"}],"predecessor-version":[{"id":7473,"href":"https:\/\/christliche-mitte.de\/index.php\/wp-json\/wp\/v2\/posts\/7472\/revisions\/7473"}],"wp:attachment":[{"href":"https:\/\/christliche-mitte.de\/index.php\/wp-json\/wp\/v2\/media?parent=7472"}],"wp:term":[{"taxonomy":"category","embeddable":true,"href":"https:\/\/christliche-mitte.de\/index.php\/wp-json\/wp\/v2\/categories?post=7472"},{"taxonomy":"post_tag","embeddable":true,"href":"https:\/\/christliche-mitte.de\/index.php\/wp-json\/wp\/v2\/tags?post=7472"}],"curies":[{"name":"wp","href":"https:\/\/api.w.org\/{rel}","templated":true}]}}