{"id":7293,"date":"2023-01-28T22:16:11","date_gmt":"2023-01-28T21:16:11","guid":{"rendered":"https:\/\/christliche-mitte.de\/?p=7293"},"modified":"2023-01-30T22:29:50","modified_gmt":"2023-01-30T21:29:50","slug":"steinmeier-zurueck-aus-kiew","status":"publish","type":"post","link":"https:\/\/christliche-mitte.de\/index.php\/2023\/01\/28\/steinmeier-zurueck-aus-kiew\/","title":{"rendered":"Steinmeier zur\u00fcck aus Kiew"},"content":{"rendered":"\n<p><\/p>\n\n\n\n<p><strong>Das Volk soll aufhorchen:<\/strong> Ein 40min\u00fctiger Appell 2022 an die Nation unseres Pr\u00e4sidenten, um den Frieden zu wahren, aber auch die Ukraine zu unterst\u00fctzen. Hehre Worte fallen: \u201eKonfliktf\u00e4hig werden! Widerstandsf\u00e4hig! Opferbereitschaft! Einsatz f\u00fcr Deutschland!\u201c Doch das entscheidende Stichwort f\u00e4llt nicht: <strong>\u201eGOTT! Gebet!\u201c<\/strong><\/p>\n\n\n\n<p>Im Schlo\u00df Bellevue sind auch die fr\u00fcheren Bundespr\u00e4sidenten Joachim Gauck und Christian Wulff anwesend. In die 40-Minuten-\u201eRede an die Nation\u201c flie\u00dft viel Pers\u00f6nliches von Frank-Walter Steinmeier ein. Doch w\u00e4re er ein mutiger, gl\u00e4ubiger Pr\u00e4sident, dann h\u00e4tte er zumindest bekennen k\u00f6nnen: \u201eF\u00fcr meine Person sage ich auch: Helm ab zum Gebet! Und lade jeden, der an GOTT glaubt, dazu ein, es mir gleichzumachen.\u201c <br>Buch:<strong><a href=\"https:\/\/christliche-mitte.de\/index.php\/buch-ueber-telefon-oder-per-mail-bestellbar\/\" data-type=\"page\" data-id=\"6540\"> Bewegende Erfahrungen mutiger Christen aus 6 L\u00e4ndern<\/a><\/strong> (10 \u20ac)<\/p>\n","protected":false},"excerpt":{"rendered":"<p>Das Volk soll aufhorchen: Ein 40min\u00fctiger Appell 2022 an die Nation unseres Pr\u00e4sidenten, um den Frieden zu wahren, aber auch die Ukraine zu unterst\u00fctzen. Hehre Worte fallen: \u201eKonfliktf\u00e4hig werden! Widerstandsf\u00e4hig! Opferbereitschaft! Einsatz f\u00fcr Deutschland!\u201c Doch das entscheidende Stichwort f\u00e4llt nicht: \u201eGOTT! Gebet!\u201c Im Schlo\u00df Bellevue sind auch die fr\u00fcheren Bundespr\u00e4sidenten Joachim Gauck und Christian Wulff&hellip;<\/p>\n","protected":false},"author":1,"featured_media":7294,"comment_status":"closed","ping_status":"closed","sticky":true,"template":"","format":"standard","meta":{"footnotes":""},"categories":[72,21,4],"tags":[],"class_list":["post-7293","post","type-post","status-publish","format-standard","has-post-thumbnail","hentry","category-informationen-aus-der-politik","category-religionen","category-kurier-der-christlichen-mitte","entry"],"_links":{"self":[{"href":"https:\/\/christliche-mitte.de\/index.php\/wp-json\/wp\/v2\/posts\/7293","targetHints":{"allow":["GET"]}}],"collection":[{"href":"https:\/\/christliche-mitte.de\/index.php\/wp-json\/wp\/v2\/posts"}],"about":[{"href":"https:\/\/christliche-mitte.de\/index.php\/wp-json\/wp\/v2\/types\/post"}],"author":[{"embeddable":true,"href":"https:\/\/christliche-mitte.de\/index.php\/wp-json\/wp\/v2\/users\/1"}],"replies":[{"embeddable":true,"href":"https:\/\/christliche-mitte.de\/index.php\/wp-json\/wp\/v2\/comments?post=7293"}],"version-history":[{"count":1,"href":"https:\/\/christliche-mitte.de\/index.php\/wp-json\/wp\/v2\/posts\/7293\/revisions"}],"predecessor-version":[{"id":7295,"href":"https:\/\/christliche-mitte.de\/index.php\/wp-json\/wp\/v2\/posts\/7293\/revisions\/7295"}],"wp:featuredmedia":[{"embeddable":true,"href":"https:\/\/christliche-mitte.de\/index.php\/wp-json\/wp\/v2\/media\/7294"}],"wp:attachment":[{"href":"https:\/\/christliche-mitte.de\/index.php\/wp-json\/wp\/v2\/media?parent=7293"}],"wp:term":[{"taxonomy":"category","embeddable":true,"href":"https:\/\/christliche-mitte.de\/index.php\/wp-json\/wp\/v2\/categories?post=7293"},{"taxonomy":"post_tag","embeddable":true,"href":"https:\/\/christliche-mitte.de\/index.php\/wp-json\/wp\/v2\/tags?post=7293"}],"curies":[{"name":"wp","href":"https:\/\/api.w.org\/{rel}","templated":true}]}}