{"id":7222,"date":"2024-02-06T13:06:17","date_gmt":"2024-02-06T12:06:17","guid":{"rendered":"https:\/\/christliche-mitte.de\/?p=7222"},"modified":"2024-02-06T13:06:19","modified_gmt":"2024-02-06T12:06:19","slug":"g7-in-muenster-ohne-kreuz","status":"publish","type":"post","link":"https:\/\/christliche-mitte.de\/index.php\/2024\/02\/06\/g7-in-muenster-ohne-kreuz\/","title":{"rendered":"G7 in M\u00fcnster ohne Kreuz"},"content":{"rendered":"\n<p>M\u00fcnster, die historische Stadt des Friedens-Schlusses nach dem 30j\u00e4hrigen Krieg. 2022 tagt hier das Herbst-Treffen der 7 Au\u00dfenmi\u00adnister (G7) im Friedens-Saal des Rathauses \u2013 doch ohne Kreuz.<\/p>\n\n\n\n<p>Seit 1540 h\u00e4ngt es hier, das Zeichen des Christentums. Der 30j\u00e4hrige Konfessions-Krieg wur\u00adde 1648 unter seinem Zeichen im Rathaus von M\u00fcnster formal-ju\u00adris\u00adtisch beendet. Im November 2022 meldet das Au\u00dfenministerium beim B\u00fcrgermeister von M\u00fcnster an, dieses Kreuz doch bitte entfernen zu lassen, da \u201eunterschiedliche Religionen\u201c an dem Treffen teilnehmen. Die Wogen schlagen in der Presse hoch, da die Leiterin des G7-Treffens, Au\u00dfenministerin Anna-Lena Baerbock die christlichen Wurzeln Deutschlands vergessen hat. Doch diese w\u00e4scht ihre H\u00e4nde in Unschuld, sie habe \u201eerst am Morgen davon erfahren.\u201c Wir fragen: \u201eIst da nicht Zeit genug, das Kreuz wieder aufh\u00e4ngen zu lassen?\u201c Keiner will derzeit verantwortlich sein f\u00fcr das Verschwinden des Kreuzes. Der OB von M\u00fcnster beklagt stattdessen den Verlust christlicher Wurzeln. Doch warum hat er kein Veto eingelegt? Tats\u00e4chlich sind die Mehrheit der anwesenden G7 keine praktizierenden Christen. Inzwischen h\u00e4ngt aber das Kreuz wieder. <br>Buch: <strong><a href=\"https:\/\/christliche-mitte.de\/index.php\/buch-ueber-telefon-oder-per-mail-bestellbar\/\" data-type=\"page\" data-id=\"6540\">Die 10 Tods\u00fcnden der GR\u00dcNEN<\/a> <\/strong>(5 \u20ac)<\/p>\n","protected":false},"excerpt":{"rendered":"<p>M\u00fcnster, die historische Stadt des Friedens-Schlusses nach dem 30j\u00e4hrigen Krieg. 2022 tagt hier das Herbst-Treffen der 7 Au\u00dfenmi\u00adnister (G7) im Friedens-Saal des Rathauses \u2013 doch ohne Kreuz. Seit 1540 h\u00e4ngt es hier, das Zeichen des Christentums. Der 30j\u00e4hrige Konfessions-Krieg wur\u00adde 1648 unter seinem Zeichen im Rathaus von M\u00fcnster formal-ju\u00adris\u00adtisch beendet. Im November 2022 meldet das&hellip;<\/p>\n","protected":false},"author":1,"featured_media":0,"comment_status":"closed","ping_status":"closed","sticky":true,"template":"","format":"standard","meta":{"footnotes":""},"categories":[72,21],"tags":[],"class_list":["post-7222","post","type-post","status-publish","format-standard","hentry","category-informationen-aus-der-politik","category-religionen","no-post-thumbnail","entry"],"_links":{"self":[{"href":"https:\/\/christliche-mitte.de\/index.php\/wp-json\/wp\/v2\/posts\/7222","targetHints":{"allow":["GET"]}}],"collection":[{"href":"https:\/\/christliche-mitte.de\/index.php\/wp-json\/wp\/v2\/posts"}],"about":[{"href":"https:\/\/christliche-mitte.de\/index.php\/wp-json\/wp\/v2\/types\/post"}],"author":[{"embeddable":true,"href":"https:\/\/christliche-mitte.de\/index.php\/wp-json\/wp\/v2\/users\/1"}],"replies":[{"embeddable":true,"href":"https:\/\/christliche-mitte.de\/index.php\/wp-json\/wp\/v2\/comments?post=7222"}],"version-history":[{"count":1,"href":"https:\/\/christliche-mitte.de\/index.php\/wp-json\/wp\/v2\/posts\/7222\/revisions"}],"predecessor-version":[{"id":8687,"href":"https:\/\/christliche-mitte.de\/index.php\/wp-json\/wp\/v2\/posts\/7222\/revisions\/8687"}],"wp:attachment":[{"href":"https:\/\/christliche-mitte.de\/index.php\/wp-json\/wp\/v2\/media?parent=7222"}],"wp:term":[{"taxonomy":"category","embeddable":true,"href":"https:\/\/christliche-mitte.de\/index.php\/wp-json\/wp\/v2\/categories?post=7222"},{"taxonomy":"post_tag","embeddable":true,"href":"https:\/\/christliche-mitte.de\/index.php\/wp-json\/wp\/v2\/tags?post=7222"}],"curies":[{"name":"wp","href":"https:\/\/api.w.org\/{rel}","templated":true}]}}