{"id":711,"date":"2018-01-01T22:31:25","date_gmt":"2018-01-01T20:31:25","guid":{"rendered":"https:\/\/christliche-mitte.de\/?p=711"},"modified":"2018-01-01T22:31:25","modified_gmt":"2018-01-01T20:31:25","slug":"carinas-sieg-ueber-den-hirntod","status":"publish","type":"post","link":"https:\/\/christliche-mitte.de\/index.php\/2018\/01\/01\/carinas-sieg-ueber-den-hirntod\/","title":{"rendered":"Carinas Sieg \u00fcber den Hirntod"},"content":{"rendered":"<p class=\"GrundtextVorspann2017\">Die Eltern der 19j\u00e4hrigen Carina legen in einer Dokumentar-Sendung des D\u00e4nischen Fernsehens (DR) das Drama ihrer Tochter offen.<\/p>\n<p class=\"Grundtext2017\">Carina erleidet bei einem Auto-Unfall auf Djursland eine schwere Hirnverletzung. Nachdem sie in der Klinik von Aarhus operiert ist, wird sie in k\u00fcnstliches Koma versetzt. Einige Tage sp\u00e4ter urteilt Ober\u00e4rztin <span class=\"Grundfett\">Dr. Dahlerup:<\/span> \u201eF\u00fcr immer ein schwerer Pflegefall!\u201c und schl\u00e4gt Organspende vor. Denn: \u201eKeinerlei Hirn-Aktivit\u00e4t.\u201c Schweren Herzens willigen die Eltern schlie\u00dflich ein.<\/p>\n<p class=\"Grundtext2017\">Doch nach f\u00fcnf Tagen schaltet das Krankenhaus \u2013 gegen den Wunsch der Eltern \u2013 die Herz-Lungen-Maschine aus. Pl\u00f6tzlich atmet die \u201eHirntote\u201c von allein. Ein paar Stunden sp\u00e4ter jammert sie vor Schmerzen. Erneut operieren die \u00c4rzte. Elf Tage sp\u00e4ter wird Carina in eine Reha-Klinik entlassen: Hirntod ist nur der Beginn des Sterbens.<\/p>\n<p class=\"Grundtext2017\">Deutschland hat allein 231 Palliativ-Stationen, die mit Schmerzmitteln eingreifen, statt einen Schwerkranken \u201eabzutreiben\u201c. Und hat 195 Hospize f\u00fcr Schwerkranke. <span class=\"Grundkurisv\">Verteil-Info\u2008\u201eHelft mir! Ich m\u00f6chte leben!\u201c<\/span><\/p>\n","protected":false},"excerpt":{"rendered":"<p>Die Eltern der 19j\u00e4hrigen Carina legen in einer Dokumentar-Sendung des D\u00e4nischen Fernsehens (DR) das Drama ihrer Tochter offen. Carina erleidet bei einem Auto-Unfall auf Djursland eine schwere Hirnverletzung. Nachdem sie in der Klinik von Aarhus operiert ist, wird sie in k\u00fcnstliches Koma versetzt. Einige Tage sp\u00e4ter urteilt Ober\u00e4rztin Dr. Dahlerup: \u201eF\u00fcr immer ein schwerer Pflegefall!\u201c&hellip;<\/p>\n","protected":false},"author":1,"featured_media":0,"comment_status":"open","ping_status":"open","sticky":false,"template":"","format":"standard","meta":{"footnotes":""},"categories":[91],"tags":[],"class_list":["post-711","post","type-post","status-publish","format-standard","hentry","category-sterbehilfe-euthanasie","no-post-thumbnail","entry"],"_links":{"self":[{"href":"https:\/\/christliche-mitte.de\/index.php\/wp-json\/wp\/v2\/posts\/711","targetHints":{"allow":["GET"]}}],"collection":[{"href":"https:\/\/christliche-mitte.de\/index.php\/wp-json\/wp\/v2\/posts"}],"about":[{"href":"https:\/\/christliche-mitte.de\/index.php\/wp-json\/wp\/v2\/types\/post"}],"author":[{"embeddable":true,"href":"https:\/\/christliche-mitte.de\/index.php\/wp-json\/wp\/v2\/users\/1"}],"replies":[{"embeddable":true,"href":"https:\/\/christliche-mitte.de\/index.php\/wp-json\/wp\/v2\/comments?post=711"}],"version-history":[{"count":1,"href":"https:\/\/christliche-mitte.de\/index.php\/wp-json\/wp\/v2\/posts\/711\/revisions"}],"predecessor-version":[{"id":712,"href":"https:\/\/christliche-mitte.de\/index.php\/wp-json\/wp\/v2\/posts\/711\/revisions\/712"}],"wp:attachment":[{"href":"https:\/\/christliche-mitte.de\/index.php\/wp-json\/wp\/v2\/media?parent=711"}],"wp:term":[{"taxonomy":"category","embeddable":true,"href":"https:\/\/christliche-mitte.de\/index.php\/wp-json\/wp\/v2\/categories?post=711"},{"taxonomy":"post_tag","embeddable":true,"href":"https:\/\/christliche-mitte.de\/index.php\/wp-json\/wp\/v2\/tags?post=711"}],"curies":[{"name":"wp","href":"https:\/\/api.w.org\/{rel}","templated":true}]}}