{"id":7035,"date":"2022-10-28T18:20:10","date_gmt":"2022-10-28T16:20:10","guid":{"rendered":"https:\/\/christliche-mitte.de\/?p=7035"},"modified":"2022-10-28T18:20:12","modified_gmt":"2022-10-28T16:20:12","slug":"die-unverweste-katharina","status":"publish","type":"post","link":"https:\/\/christliche-mitte.de\/index.php\/2022\/10\/28\/die-unverweste-katharina\/","title":{"rendered":"Die unverweste Katharina"},"content":{"rendered":"\n<p>Der November ist der Monat von Allerheiligen und Allerseelen. Was k\u00f6nnen uns die Heiligen mit auf den Weg geben? Uns, die wir uns mitten im apokalyptischen Zeitalter befinden. Katharina Labour\u00e9 (1806-1876), die heute noch unverwest in Paris in ihrem Kloster liegt, bittet uns, die Wundert\u00e4tige Medaille zu tragen, damit wir unter dem Schutz der GOTTES-Mutter stehen.<\/p>\n\n\n\n<p>Der Blick mu\u00df immer nach innen gehen, hinein in unser Herz, ge\u00adrichtet auf unsere Liebe zu GOTT. Innerliche Menschen m\u00fcssen wir werden, die st\u00e4ndig auf die Wiederkunft des HERRN warten. Kirchen- und Struktur-Reformen f\u00fchren leicht in die H\u00e4resie, wie wir es derzeit beim Synodalen Weg erleben. Das ist selbst-zerst\u00f6rerisch, w\u00e4hrend Bitten und Opfern \u2013 ein Geheimnis! \u2013 \u00c4nderungen bewirken. Denn GOTT nimmt jedes Gebet und jedes Opfer an, das um Seinetwillen gebracht wird, und verwandelt es langfristig in Segen f\u00fcr uns.&nbsp; JESUS macht uns Mut dazu: \u201eGlaubt nur, da\u00df ihr es schon erhalten habt, so wird es euch zuteil!\u201c (Mk 11,24).<\/p>\n\n\n\n<p><strong>Was will die Mutter-GOTTES?<\/strong><\/p>\n\n\n\n<p>Dreimal erscheint der jungen Ordensschwester Katharina die GOTTES-Mutter <strong>Maria<\/strong> in der Kapelle der Vinzentinerinnen in Paris: \u201eMein Kind, ich will dir einen Auftrag geben. Du wirst dabei viel Widerspruch erfahren, aber f\u00fcrchte dich nicht. Die Gnade wird dir helfen.\u201c Es ist der 18.7.1830. <br>Zwei weitere Erscheinungen folgen: Katharina soll daf\u00fcr sorgen, da\u00df eine Medaille gepr\u00e4gt wird, die \u00fcberall verteilt werden soll, um die Menschen zu sch\u00fctzen und ihnen Gnaden des Himmels zu vermitteln. <br><\/p>\n\n\n\n<p>Wunder \u00fcber Wunder sind bis heute nachgewiesen bei Menschen, die mit dieser Wunderbaren Medaille in Ber\u00fchrung kamen. Maria erscheint als die \u201eUnbefleckte Empf\u00e4ngnis\u201c mit Gnaden-Strahlen aus ihren H\u00e4nden und auf der Weltkugel stehend. <br>Nur die Oberin und der Beichtvater erfahren von den Visionen der jungen Novizin. Keine ihrer Mitschwestern wird bis zum Tod Katharinas wissen, da\u00df sie mit einer Vision\u00e4rin zusammengelebt ha\u00adben. Sr. Katharina arbeitet jahrzehntelang bis zu ihrem Tod in einem von den Vinzentinerinnen geleiteten Altenheim in Frankreich. Beichtvater Pater Aladel erh\u00e4lt 1832 vom Erz-Bischof von Paris, Msgr. Quelen, die Genehmigung, eine Medaille pr\u00e4gen zu lassen, wie die GOTTES-Mutter es w\u00fcnscht. Voller Ehrfurcht k\u00fc\u00dft Sr. Katharina die erste gepr\u00e4gte Medaille: \u201eJetzt mu\u00df man sie verbreiten! Wie sch\u00f6n wird es sein, wenn man sagen wird: Maria ist die K\u00f6nigin der Welt!\u201c<\/p>\n\n\n\n<p><strong>Wunder \u00fcber Wunder<\/strong><\/p>\n\n\n\n<p>Maria ist das Ideal der Frau, die dem\u00fctig dienende Magd. Immer ist ihr Herz und Wille auf GOTT ausgerichtet, um IHM und den Menschen in Liebe zu dienen. Genau das Gegenteil der modernen Maria-2.0-Bewegung, die f\u00fcr eine Frauen-Karriere innerhalb des Altar-Raumes protestierend auf der Stra\u00dfe steht.<br><br>Zur\u00fcck zu Katharina: Schnell breitet sich die Wundert\u00e4tige Medaille in ganz Frankreich aus, dann auch auf andere L\u00e4nder. Menschen, die sie tragen, finden zum Glauben an JESUS CHRISTUS zur\u00fcck. So auch Alfons von Ratisbonne 1842. Im Zweiten Weltkrieg berichtet ein Soldat: \u201eAuf dem Boden sah ich etwas glitzern und beugte mich nieder, um die Erde wegzuschaben und zu sehen, was da so leuchtete. In diesem Augenblick fegten mehrere Sch\u00fcsse und Kugeln \u00fcber meinen Kopf hinweg. Heute wei\u00df ich: Am Boden lag die Wunderbare Medaille. Ja, so hat mir die Heilige Jungfrau das Leben gerettet. Ich trage seither immer die Medaille.\u201c<\/p>\n\n\n\n<p><strong>Anerkennung durch Papst Pius XII.<\/strong><\/p>\n\n\n\n<p>70j\u00e4hrig stirbt Sr. Katharina am 31. Dezember 1876. 1907 beginnt ihr Seligsprechungs-Proze\u00df. Als Kardinal Verdier 1933 ihren Sarg \u00f6ffnen l\u00e4\u00dft, ist ihr Leib unversehrt und unverwest. Selbst die Augen der Toten haben ihre blaue Farbe behalten. Unter Aufsicht von \u00c4rzten und Klerus wird der unverweste Leib in einen Glas-Schrein gelegt, wo die Schwester noch heute in der Kapelle in der Rue du Bac in Paris im Mutterhaus der Vinzentinerinnen zu sehen ist. Am 27. Juli 1947 spricht sie Papst Pius XII. heilig.\u00a0<br><em>Sr. M. Anja Henkel<\/em><\/p>\n\n\n\n<p>CM-Buch: <strong><a href=\"https:\/\/christliche-mitte.de\/index.php\/2019\/10\/30\/mit-den-heiligen-durchs-jahr\/\" data-type=\"post\" data-id=\"3104\">Mit den Heiligen durchs Jahr<\/a><\/strong> (10 \u20ac)<\/p>\n","protected":false},"excerpt":{"rendered":"<p>Der November ist der Monat von Allerheiligen und Allerseelen. Was k\u00f6nnen uns die Heiligen mit auf den Weg geben? Uns, die wir uns mitten im apokalyptischen Zeitalter befinden. Katharina Labour\u00e9 (1806-1876), die heute noch unverwest in Paris in ihrem Kloster liegt, bittet uns, die Wundert\u00e4tige Medaille zu tragen, damit wir unter dem Schutz der GOTTES-Mutter&hellip;<\/p>\n","protected":false},"author":1,"featured_media":7036,"comment_status":"closed","ping_status":"closed","sticky":true,"template":"","format":"standard","meta":{"footnotes":""},"categories":[71,4],"tags":[],"class_list":["post-7035","post","type-post","status-publish","format-standard","has-post-thumbnail","hentry","category-christus-glaube","category-kurier-der-christlichen-mitte","entry"],"_links":{"self":[{"href":"https:\/\/christliche-mitte.de\/index.php\/wp-json\/wp\/v2\/posts\/7035","targetHints":{"allow":["GET"]}}],"collection":[{"href":"https:\/\/christliche-mitte.de\/index.php\/wp-json\/wp\/v2\/posts"}],"about":[{"href":"https:\/\/christliche-mitte.de\/index.php\/wp-json\/wp\/v2\/types\/post"}],"author":[{"embeddable":true,"href":"https:\/\/christliche-mitte.de\/index.php\/wp-json\/wp\/v2\/users\/1"}],"replies":[{"embeddable":true,"href":"https:\/\/christliche-mitte.de\/index.php\/wp-json\/wp\/v2\/comments?post=7035"}],"version-history":[{"count":1,"href":"https:\/\/christliche-mitte.de\/index.php\/wp-json\/wp\/v2\/posts\/7035\/revisions"}],"predecessor-version":[{"id":7037,"href":"https:\/\/christliche-mitte.de\/index.php\/wp-json\/wp\/v2\/posts\/7035\/revisions\/7037"}],"wp:featuredmedia":[{"embeddable":true,"href":"https:\/\/christliche-mitte.de\/index.php\/wp-json\/wp\/v2\/media\/7036"}],"wp:attachment":[{"href":"https:\/\/christliche-mitte.de\/index.php\/wp-json\/wp\/v2\/media?parent=7035"}],"wp:term":[{"taxonomy":"category","embeddable":true,"href":"https:\/\/christliche-mitte.de\/index.php\/wp-json\/wp\/v2\/categories?post=7035"},{"taxonomy":"post_tag","embeddable":true,"href":"https:\/\/christliche-mitte.de\/index.php\/wp-json\/wp\/v2\/tags?post=7035"}],"curies":[{"name":"wp","href":"https:\/\/api.w.org\/{rel}","templated":true}]}}