{"id":7004,"date":"2022-10-28T15:15:35","date_gmt":"2022-10-28T13:15:35","guid":{"rendered":"https:\/\/christliche-mitte.de\/?p=7004"},"modified":"2024-02-06T13:06:53","modified_gmt":"2024-02-06T12:06:53","slug":"sie-sind-ein-kultur-rassist","status":"publish","type":"post","link":"https:\/\/christliche-mitte.de\/index.php\/2022\/10\/28\/sie-sind-ein-kultur-rassist\/","title":{"rendered":"\u201eSie sind ein Kultur-Rassist!\u201c"},"content":{"rendered":"\n<p class=\"has-black-color has-text-color\">Der protestantische Theologie-Professor Karl-Heinz Kuhlmann in L\u00f6wen\/Belgien fragt den Islam-Professor B\u00fclent Ucar, Osnabr\u00fcck, wie er die Vorbild-Funktion des Propheten Mohammed sehe.<\/p>\n\n\n\n<p class=\"has-black-color has-text-color\">Prof. B\u00fclent Ucar antwortet: \u201eEs ist nicht meine Aufgabe, den Propheten vor meinen Studenten zu kritisieren. Sie sind ein Kultur-Rassist!\u201c<\/p>\n\n\n\n<p class=\"has-black-color has-text-color\">Prof. Karl-Heinz Kuhlmann setzt sich zur Wehr: \u201eDas ist alles andere als ein liberaler Islam, wie Sie vorgeben, ihn zu vertreten.\u201c <br>Unvereinbar mit der christlichen Kultur Europas sind auch der Geltungsanspruch der islamischen Scharia, die u. a. die Todesstrafen und andere bestialische Strafen beinhaltet, und der mindere Wert der Frau im Koran, die ohne pers\u00f6nliche Rechte h\u00e4ufig in einer Polygamie leben mu\u00df.&nbsp; <br>\u201eDamit b\u00fc\u00dft auch Mohammed zu einem gro\u00dfen Teil die Funktion eines verpflichtenden Vorbildes ein\u201c, so Prof. Kuhlmann weiter.<\/p>\n\n\n\n<p>B\u00fccher: <a rel=\"noreferrer noopener\" href=\"https:\/\/christliche-mitte.de\/index.php\/produkt\/9-cm-islam-buecher-zum-sonderpreis-von-20-euro\/\" data-type=\"product\" data-id=\"2193\" target=\"_blank\"><strong>9-CM-Islam-B\u00fccher-Paket <\/strong><\/a>(20 \u20ac)<br>            <a href=\"https:\/\/christliche-mitte.de\/index.php\/produkt\/buch-das-raetsel-der-pyramiden\/\" data-type=\"product\" data-id=\"6983\"><strong> Integration?<\/strong> <\/a>(10 \u20ac)<\/p>\n","protected":false},"excerpt":{"rendered":"<p>Der protestantische Theologie-Professor Karl-Heinz Kuhlmann in L\u00f6wen\/Belgien fragt den Islam-Professor B\u00fclent Ucar, Osnabr\u00fcck, wie er die Vorbild-Funktion des Propheten Mohammed sehe. Prof. B\u00fclent Ucar antwortet: \u201eEs ist nicht meine Aufgabe, den Propheten vor meinen Studenten zu kritisieren. Sie sind ein Kultur-Rassist!\u201c Prof. Karl-Heinz Kuhlmann setzt sich zur Wehr: \u201eDas ist alles andere als ein liberaler&hellip;<\/p>\n","protected":false},"author":1,"featured_media":0,"comment_status":"closed","ping_status":"closed","sticky":true,"template":"","format":"standard","meta":{"footnotes":""},"categories":[71,70,4],"tags":[],"class_list":["post-7004","post","type-post","status-publish","format-standard","hentry","category-christus-glaube","category-islam","category-kurier-der-christlichen-mitte","no-post-thumbnail","entry"],"_links":{"self":[{"href":"https:\/\/christliche-mitte.de\/index.php\/wp-json\/wp\/v2\/posts\/7004","targetHints":{"allow":["GET"]}}],"collection":[{"href":"https:\/\/christliche-mitte.de\/index.php\/wp-json\/wp\/v2\/posts"}],"about":[{"href":"https:\/\/christliche-mitte.de\/index.php\/wp-json\/wp\/v2\/types\/post"}],"author":[{"embeddable":true,"href":"https:\/\/christliche-mitte.de\/index.php\/wp-json\/wp\/v2\/users\/1"}],"replies":[{"embeddable":true,"href":"https:\/\/christliche-mitte.de\/index.php\/wp-json\/wp\/v2\/comments?post=7004"}],"version-history":[{"count":1,"href":"https:\/\/christliche-mitte.de\/index.php\/wp-json\/wp\/v2\/posts\/7004\/revisions"}],"predecessor-version":[{"id":7005,"href":"https:\/\/christliche-mitte.de\/index.php\/wp-json\/wp\/v2\/posts\/7004\/revisions\/7005"}],"wp:attachment":[{"href":"https:\/\/christliche-mitte.de\/index.php\/wp-json\/wp\/v2\/media?parent=7004"}],"wp:term":[{"taxonomy":"category","embeddable":true,"href":"https:\/\/christliche-mitte.de\/index.php\/wp-json\/wp\/v2\/categories?post=7004"},{"taxonomy":"post_tag","embeddable":true,"href":"https:\/\/christliche-mitte.de\/index.php\/wp-json\/wp\/v2\/tags?post=7004"}],"curies":[{"name":"wp","href":"https:\/\/api.w.org\/{rel}","templated":true}]}}