{"id":6908,"date":"2022-10-04T17:26:13","date_gmt":"2022-10-04T15:26:13","guid":{"rendered":"https:\/\/christliche-mitte.de\/?p=6908"},"modified":"2022-10-04T17:26:14","modified_gmt":"2022-10-04T15:26:14","slug":"humboldt-universitaet-im-gender-wahn","status":"publish","type":"post","link":"https:\/\/christliche-mitte.de\/index.php\/2022\/10\/04\/humboldt-universitaet-im-gender-wahn\/","title":{"rendered":"Humboldt-Universit\u00e4t im Gender-Wahn"},"content":{"rendered":"\n<p>Die Universit\u00e4t Berlin tr\u00e4gt den Namen des gro\u00dfen Forschungs-Reisenden Alexander von Humboldt (\u20201859): Sinnbild f\u00fcr Forschungs-Freiheit, Wissenschaft und Bildung. Doch jetzt sch\u00e4ndet die \u201eLange Nacht der Wissenschaft\u201c ihren Ruf.<\/p>\n\n\n\n<p>Die <strong>Biologin Marie-Luise Vollbrecht<\/strong> wollte 2022 einen mutigen Vortrag gegen die Gender-Ideologie halten mit dem Titel: \u201eGe\u00adschlecht ist nicht (Ge)schlecht. Sex, Gender und warum es in der Biologie zwei Geschlechter gibt\u201c. Doch als das bekannt wird, drohen Genderisten Proteste an. Daraufhin knickt die Hochschule ein und sagt den Vortrag ab. Freiheit der Wissenschaft? Protestler er\u00adscheinen mit umgeh\u00e4ngten Re\u00adgenbogen-Fahnen. <br>Buch: <a href=\"https:\/\/christliche-mitte.de\/index.php\/buch-ueber-telefon-oder-per-mail-bestellbar\/\" data-type=\"page\" data-id=\"6540\">Leben und Werk Alexander von Humboldts<\/a> (30 \u20ac)<\/p>\n","protected":false},"excerpt":{"rendered":"<p>Die Universit\u00e4t Berlin tr\u00e4gt den Namen des gro\u00dfen Forschungs-Reisenden Alexander von Humboldt (\u20201859): Sinnbild f\u00fcr Forschungs-Freiheit, Wissenschaft und Bildung. Doch jetzt sch\u00e4ndet die \u201eLange Nacht der Wissenschaft\u201c ihren Ruf. Die Biologin Marie-Luise Vollbrecht wollte 2022 einen mutigen Vortrag gegen die Gender-Ideologie halten mit dem Titel: \u201eGe\u00adschlecht ist nicht (Ge)schlecht. Sex, Gender und warum es in&hellip;<\/p>\n","protected":false},"author":1,"featured_media":5004,"comment_status":"closed","ping_status":"closed","sticky":true,"template":"","format":"standard","meta":{"footnotes":""},"categories":[54,4],"tags":[],"class_list":["post-6908","post","type-post","status-publish","format-standard","has-post-thumbnail","hentry","category-gender-sexualitaet","category-kurier-der-christlichen-mitte","entry"],"_links":{"self":[{"href":"https:\/\/christliche-mitte.de\/index.php\/wp-json\/wp\/v2\/posts\/6908","targetHints":{"allow":["GET"]}}],"collection":[{"href":"https:\/\/christliche-mitte.de\/index.php\/wp-json\/wp\/v2\/posts"}],"about":[{"href":"https:\/\/christliche-mitte.de\/index.php\/wp-json\/wp\/v2\/types\/post"}],"author":[{"embeddable":true,"href":"https:\/\/christliche-mitte.de\/index.php\/wp-json\/wp\/v2\/users\/1"}],"replies":[{"embeddable":true,"href":"https:\/\/christliche-mitte.de\/index.php\/wp-json\/wp\/v2\/comments?post=6908"}],"version-history":[{"count":1,"href":"https:\/\/christliche-mitte.de\/index.php\/wp-json\/wp\/v2\/posts\/6908\/revisions"}],"predecessor-version":[{"id":6909,"href":"https:\/\/christliche-mitte.de\/index.php\/wp-json\/wp\/v2\/posts\/6908\/revisions\/6909"}],"wp:featuredmedia":[{"embeddable":true,"href":"https:\/\/christliche-mitte.de\/index.php\/wp-json\/wp\/v2\/media\/5004"}],"wp:attachment":[{"href":"https:\/\/christliche-mitte.de\/index.php\/wp-json\/wp\/v2\/media?parent=6908"}],"wp:term":[{"taxonomy":"category","embeddable":true,"href":"https:\/\/christliche-mitte.de\/index.php\/wp-json\/wp\/v2\/categories?post=6908"},{"taxonomy":"post_tag","embeddable":true,"href":"https:\/\/christliche-mitte.de\/index.php\/wp-json\/wp\/v2\/tags?post=6908"}],"curies":[{"name":"wp","href":"https:\/\/api.w.org\/{rel}","templated":true}]}}