{"id":6805,"date":"2022-09-01T21:33:02","date_gmt":"2022-09-01T19:33:02","guid":{"rendered":"https:\/\/christliche-mitte.de\/?p=6805"},"modified":"2022-09-01T21:33:04","modified_gmt":"2022-09-01T19:33:04","slug":"hl-pater-pio-bitte-fuer-uns","status":"publish","type":"post","link":"https:\/\/christliche-mitte.de\/index.php\/2022\/09\/01\/hl-pater-pio-bitte-fuer-uns\/","title":{"rendered":"Hl. Pater Pio, bitte f\u00fcr uns"},"content":{"rendered":"\n<p>Pater Pio (1887-1968) tr\u00e4gt die Wundmale JESU und litt Zeit seines Lebens gro\u00dfe Schmerzen. Trotzdem wurde er zum Anziehungspunkt Tausender Gl\u00e4ubiger.<\/p>\n\n\n\n<p>Ein Abbild JESU ist Pater Pio. Seelenschau, Stigmata, Bilokation, um nur das \u00c4u\u00dferliche zu nennen, zogen die Menschen in Scharen zu ihm. Er half allen. Es ist, als ob JESUS selbst da ist. In der hl. Messe verliert er sich betend im hl. Mysterium.<\/p>\n\n\n\n<p>2002 wird der Kapuziner-Pater heiliggesprochen. Doch Zeit seines Lebens war er ein Leidender. 1924 wurde ihm sogar verboten, Briefe zu schreiben, und von 1931 bis 1933, das hl. Me\u00dfopfer zu feiern. Doch in Demut und Geduld ertr\u00e4gt er es. <br>CM-B\u00fcchlein: <strong><a href=\"https:\/\/christliche-mitte.de\/index.php\/buch-ueber-telefon-oder-per-mail-bestellbar\/\" data-type=\"page\" data-id=\"6540\">Durch die Messe mit Pater Pio <\/a><\/strong>(5 \u20ac)<\/p>\n","protected":false},"excerpt":{"rendered":"<p>Pater Pio (1887-1968) tr\u00e4gt die Wundmale JESU und litt Zeit seines Lebens gro\u00dfe Schmerzen. Trotzdem wurde er zum Anziehungspunkt Tausender Gl\u00e4ubiger. Ein Abbild JESU ist Pater Pio. Seelenschau, Stigmata, Bilokation, um nur das \u00c4u\u00dferliche zu nennen, zogen die Menschen in Scharen zu ihm. Er half allen. Es ist, als ob JESUS selbst da ist. In&hellip;<\/p>\n","protected":false},"author":1,"featured_media":4809,"comment_status":"closed","ping_status":"closed","sticky":true,"template":"","format":"standard","meta":{"footnotes":""},"categories":[71,4],"tags":[],"class_list":["post-6805","post","type-post","status-publish","format-standard","has-post-thumbnail","hentry","category-christus-glaube","category-kurier-der-christlichen-mitte","entry"],"_links":{"self":[{"href":"https:\/\/christliche-mitte.de\/index.php\/wp-json\/wp\/v2\/posts\/6805","targetHints":{"allow":["GET"]}}],"collection":[{"href":"https:\/\/christliche-mitte.de\/index.php\/wp-json\/wp\/v2\/posts"}],"about":[{"href":"https:\/\/christliche-mitte.de\/index.php\/wp-json\/wp\/v2\/types\/post"}],"author":[{"embeddable":true,"href":"https:\/\/christliche-mitte.de\/index.php\/wp-json\/wp\/v2\/users\/1"}],"replies":[{"embeddable":true,"href":"https:\/\/christliche-mitte.de\/index.php\/wp-json\/wp\/v2\/comments?post=6805"}],"version-history":[{"count":1,"href":"https:\/\/christliche-mitte.de\/index.php\/wp-json\/wp\/v2\/posts\/6805\/revisions"}],"predecessor-version":[{"id":6806,"href":"https:\/\/christliche-mitte.de\/index.php\/wp-json\/wp\/v2\/posts\/6805\/revisions\/6806"}],"wp:featuredmedia":[{"embeddable":true,"href":"https:\/\/christliche-mitte.de\/index.php\/wp-json\/wp\/v2\/media\/4809"}],"wp:attachment":[{"href":"https:\/\/christliche-mitte.de\/index.php\/wp-json\/wp\/v2\/media?parent=6805"}],"wp:term":[{"taxonomy":"category","embeddable":true,"href":"https:\/\/christliche-mitte.de\/index.php\/wp-json\/wp\/v2\/categories?post=6805"},{"taxonomy":"post_tag","embeddable":true,"href":"https:\/\/christliche-mitte.de\/index.php\/wp-json\/wp\/v2\/tags?post=6805"}],"curies":[{"name":"wp","href":"https:\/\/api.w.org\/{rel}","templated":true}]}}