{"id":6673,"date":"2022-07-30T15:38:54","date_gmt":"2022-07-30T13:38:54","guid":{"rendered":"https:\/\/christliche-mitte.de\/?p=6673"},"modified":"2022-07-30T16:03:26","modified_gmt":"2022-07-30T14:03:26","slug":"wie-wirkt-graphen-oxid","status":"publish","type":"post","link":"https:\/\/christliche-mitte.de\/index.php\/2022\/07\/30\/wie-wirkt-graphen-oxid\/","title":{"rendered":"Wie wirkt Graphen-Oxid?"},"content":{"rendered":"\n<p>Mehr als 2 Millionen Impfsch\u00e4den in der EU sind dokumentiert. Studien von Chemie-Prof. Dr. Pablo Cambra in Madrid beweisen, da\u00df im Pfizer-Impfstoff Graphen-Oxid vorhanden ist.<\/p>\n\n\n\n<p>Dieses verbleibt lange im K\u00f6rper, reichert sich im Gehirn an und besitzt magnetische Eigenschaften, die es erlauben, per Funkwellen die Gehirnstr\u00f6me des Menschen zu beeinflussen. In der Kombination von eingespritztem Graphen-Oxid und 5G-Funkwellen k\u00f6nnen Menschen willenlos und apathisch gemacht werden. <br>Weitere Informationen im <strong><a href=\"https:\/\/christliche-mitte.de\/index.php\/buch-ueber-telefon-oder-per-mail-bestellbar\/\" data-type=\"page\" data-id=\"6540\">3-CM-Corona-B\u00fccher-Paket<\/a> <\/strong>(15 \u20ac) <br>und der neuen Brosch\u00fcre: <strong><a href=\"https:\/\/christliche-mitte.de\/index.php\/buch-ueber-telefon-oder-per-mail-bestellbar\/\" data-type=\"page\" data-id=\"6540\">Die Wahrheit \u00fcber die Corona-Impfstoffe<\/a> <\/strong>(5 \u20ac)<\/p>\n","protected":false},"excerpt":{"rendered":"<p>Mehr als 2 Millionen Impfsch\u00e4den in der EU sind dokumentiert. Studien von Chemie-Prof. Dr. Pablo Cambra in Madrid beweisen, da\u00df im Pfizer-Impfstoff Graphen-Oxid vorhanden ist. Dieses verbleibt lange im K\u00f6rper, reichert sich im Gehirn an und besitzt magnetische Eigenschaften, die es erlauben, per Funkwellen die Gehirnstr\u00f6me des Menschen zu beeinflussen. In der Kombination von eingespritztem&hellip;<\/p>\n","protected":false},"author":1,"featured_media":5949,"comment_status":"closed","ping_status":"closed","sticky":true,"template":"","format":"standard","meta":{"footnotes":""},"categories":[348,4],"tags":[],"class_list":["post-6673","post","type-post","status-publish","format-standard","has-post-thumbnail","hentry","category-corona-zeiten","category-kurier-der-christlichen-mitte","entry"],"_links":{"self":[{"href":"https:\/\/christliche-mitte.de\/index.php\/wp-json\/wp\/v2\/posts\/6673","targetHints":{"allow":["GET"]}}],"collection":[{"href":"https:\/\/christliche-mitte.de\/index.php\/wp-json\/wp\/v2\/posts"}],"about":[{"href":"https:\/\/christliche-mitte.de\/index.php\/wp-json\/wp\/v2\/types\/post"}],"author":[{"embeddable":true,"href":"https:\/\/christliche-mitte.de\/index.php\/wp-json\/wp\/v2\/users\/1"}],"replies":[{"embeddable":true,"href":"https:\/\/christliche-mitte.de\/index.php\/wp-json\/wp\/v2\/comments?post=6673"}],"version-history":[{"count":1,"href":"https:\/\/christliche-mitte.de\/index.php\/wp-json\/wp\/v2\/posts\/6673\/revisions"}],"predecessor-version":[{"id":6674,"href":"https:\/\/christliche-mitte.de\/index.php\/wp-json\/wp\/v2\/posts\/6673\/revisions\/6674"}],"wp:featuredmedia":[{"embeddable":true,"href":"https:\/\/christliche-mitte.de\/index.php\/wp-json\/wp\/v2\/media\/5949"}],"wp:attachment":[{"href":"https:\/\/christliche-mitte.de\/index.php\/wp-json\/wp\/v2\/media?parent=6673"}],"wp:term":[{"taxonomy":"category","embeddable":true,"href":"https:\/\/christliche-mitte.de\/index.php\/wp-json\/wp\/v2\/categories?post=6673"},{"taxonomy":"post_tag","embeddable":true,"href":"https:\/\/christliche-mitte.de\/index.php\/wp-json\/wp\/v2\/tags?post=6673"}],"curies":[{"name":"wp","href":"https:\/\/api.w.org\/{rel}","templated":true}]}}