{"id":6670,"date":"2022-07-30T15:34:14","date_gmt":"2022-07-30T13:34:14","guid":{"rendered":"https:\/\/christliche-mitte.de\/?p=6670"},"modified":"2022-07-30T16:51:01","modified_gmt":"2022-07-30T14:51:01","slug":"rueckblick-auf-nazi-kz","status":"publish","type":"post","link":"https:\/\/christliche-mitte.de\/index.php\/2022\/07\/30\/rueckblick-auf-nazi-kz\/","title":{"rendered":"R\u00fcckblick auf Nazi-KZ"},"content":{"rendered":"\n<p>Weil eine Niederl\u00e4nderin half, Juden zu verstecken, wird sie ins KZ Ravensbr\u00fcck eingeliefert. Als sie nach dem Krieg Vortr\u00e4ge h\u00e4lt, hat Corrie ten Boom (\u20201983) ein ersch\u00fctterndes Erlebnis.<\/p>\n\n\n\n<p>Nach einem Vortrag kommt ein Mann auf sie zu: \u201eIch bin Christ geworden. Ich bete daf\u00fcr, da\u00df ich eines meiner Opfer pers\u00f6nlich spreche. Ich war Aufseher in Ravensbr\u00fcck. K\u00f6nnen Sie mir vergeben?\u201c<\/p>\n\n\n\n<p>Erst stockt Corrie ten Boom der Atem. Mit diesem Ernstfall der Vers\u00f6hnung hat sie nie gerechnet. Dann ein Sto\u00dfgebet. M\u00fchsam begegnet sich ihre Hand mit der des Mannes. Pl\u00f6tzlich erlebt ten Boom auch k\u00f6rperlich einen Vers\u00f6hnungs-Strom. <br>Jetzt versteht sie: GOTT schenkt den Frieden. ER allein heilt.<\/p>\n\n\n\n<p>Buch: <a href=\"https:\/\/christliche-mitte.de\/index.php\/buch-ueber-telefon-oder-per-mail-bestellbar\/\" data-type=\"page\" data-id=\"6540\"><strong>Die Kirche und die Juden im Dritten Reich<\/strong><\/a> (15 \u20ac).<br>          <strong><a href=\"https:\/\/christliche-mitte.de\/index.php\/buch-ueber-telefon-oder-per-mail-bestellbar\/\" data-type=\"page\" data-id=\"6540\">Ich f\u00fcrchte meine Tr\u00e4ume<\/a> <\/strong>(15 \u20ac)<\/p>\n","protected":false},"excerpt":{"rendered":"<p>Weil eine Niederl\u00e4nderin half, Juden zu verstecken, wird sie ins KZ Ravensbr\u00fcck eingeliefert. Als sie nach dem Krieg Vortr\u00e4ge h\u00e4lt, hat Corrie ten Boom (\u20201983) ein ersch\u00fctterndes Erlebnis. Nach einem Vortrag kommt ein Mann auf sie zu: \u201eIch bin Christ geworden. Ich bete daf\u00fcr, da\u00df ich eines meiner Opfer pers\u00f6nlich spreche. Ich war Aufseher in&hellip;<\/p>\n","protected":false},"author":1,"featured_media":6671,"comment_status":"closed","ping_status":"closed","sticky":true,"template":"","format":"standard","meta":{"footnotes":""},"categories":[71,139,4],"tags":[],"class_list":["post-6670","post","type-post","status-publish","format-standard","has-post-thumbnail","hentry","category-christus-glaube","category-geschichte","category-kurier-der-christlichen-mitte","entry"],"_links":{"self":[{"href":"https:\/\/christliche-mitte.de\/index.php\/wp-json\/wp\/v2\/posts\/6670","targetHints":{"allow":["GET"]}}],"collection":[{"href":"https:\/\/christliche-mitte.de\/index.php\/wp-json\/wp\/v2\/posts"}],"about":[{"href":"https:\/\/christliche-mitte.de\/index.php\/wp-json\/wp\/v2\/types\/post"}],"author":[{"embeddable":true,"href":"https:\/\/christliche-mitte.de\/index.php\/wp-json\/wp\/v2\/users\/1"}],"replies":[{"embeddable":true,"href":"https:\/\/christliche-mitte.de\/index.php\/wp-json\/wp\/v2\/comments?post=6670"}],"version-history":[{"count":1,"href":"https:\/\/christliche-mitte.de\/index.php\/wp-json\/wp\/v2\/posts\/6670\/revisions"}],"predecessor-version":[{"id":6672,"href":"https:\/\/christliche-mitte.de\/index.php\/wp-json\/wp\/v2\/posts\/6670\/revisions\/6672"}],"wp:featuredmedia":[{"embeddable":true,"href":"https:\/\/christliche-mitte.de\/index.php\/wp-json\/wp\/v2\/media\/6671"}],"wp:attachment":[{"href":"https:\/\/christliche-mitte.de\/index.php\/wp-json\/wp\/v2\/media?parent=6670"}],"wp:term":[{"taxonomy":"category","embeddable":true,"href":"https:\/\/christliche-mitte.de\/index.php\/wp-json\/wp\/v2\/categories?post=6670"},{"taxonomy":"post_tag","embeddable":true,"href":"https:\/\/christliche-mitte.de\/index.php\/wp-json\/wp\/v2\/tags?post=6670"}],"curies":[{"name":"wp","href":"https:\/\/api.w.org\/{rel}","templated":true}]}}