{"id":6552,"date":"2022-06-08T21:17:46","date_gmt":"2022-06-08T19:17:46","guid":{"rendered":"https:\/\/christliche-mitte.de\/?p=6552"},"modified":"2022-06-08T21:17:48","modified_gmt":"2022-06-08T19:17:48","slug":"mahn-briefe-an-bischof-baetzing-2","status":"publish","type":"post","link":"https:\/\/christliche-mitte.de\/index.php\/2022\/06\/08\/mahn-briefe-an-bischof-baetzing-2\/","title":{"rendered":"Mahn-Briefe an Bischof B\u00e4tzing"},"content":{"rendered":"\n<p><strong>Bisch\u00f6fe aus der ganzen Welt mahnen gegen den Synodalen Weg: <\/strong>Der deutsche Sonderweg ist h\u00e4retisch und wird die Kirche spalten. Deutschland mu\u00df zur wahren katholischen Lehre zur\u00fcckkehren.<\/p>\n\n\n\n<p>70 Bisch\u00f6fe aus den USA und Kanada, aus Afrika und Australien schrieben 2022 gemeinsam. Zu den Unterzeichnern geh\u00f6ren Kardinal Burke\/USA und Kardinal Pell\/Australien. Im Wortlaut: \u201eDie Ereignisse in einem Land wirken sich unweigerlich auch auf das kirchliche Leben in anderen L\u00e4ndern aus. Deshalb f\u00fchlen wir uns gedr\u00e4ngt, unsere wachsende Sorge \u00fcber den Charakter des gesamten Synodalen Weges und den Inhalt seiner Dokumente zum Ausdruck zu bringen. <br><strong>Der Ernst der Lage ergibt sich ferner aus der Verwirrung,<\/strong> die der Synodale Weg bereits verursacht hat und einem unweigerlich drohenden Schisma. Die Geschichte des Christentums ist \u00fcbers\u00e4t mit gutgemeinten Versuchen, die jedoch ihre Verankerung im Wort GOTTES verloren haben. Solche gescheiterten Reform-Versuche haben auch die Einheit und den Weisheits-Schatz der Kirche au\u00dfer Acht gelassen. <br><strong>Der Synodale Weg droht<\/strong>, in genau solch eine Sackgasse zu f\u00fchren. [\u2026] Die Glaubw\u00fcrdigkeit der kirchlichen Autorit\u00e4t wird untergraben, und auch das Vertrauen in die Heilige Schrift. Stattdessen wird dem Zeitgeist hofiert mit dessen Ideologien, Genderismus, falschem Gewissensbegriff \u2013 das Gewissen als sch\u00f6pferische Quelle von Wahrheit \u2013 wobei die Freude des Evangeliums fehlt.\u201c<\/p>\n\n\n\n<p><strong>Auch die polnische und die skandinavische Bischofs-Konferenz <\/strong>stellen sich auf die Seite des Mahn-Schreibens und sandten eigene Mahn-Briefe an die deutschen Bisch\u00f6fe. Da Rom im Begriff ist, den deutschen Synodalen Weg in der gro\u00dfen Synode 2021-2023 auf die Weltkirche auszudehnen, sind die frommen Bisch\u00f6fe der Tradition immer mehr auf sich selbst gestellt. Buch im CM-Antiquariat: Priestertum, <strong><a href=\"https:\/\/christliche-mitte.de\/index.php\/buch-ueber-telefon-oder-per-mail-bestellbar\/\" data-type=\"page\" data-id=\"6540\">Z\u00f6libat und Kirchenkrise <\/a><\/strong>(20 \u20ac)<\/p>\n","protected":false},"excerpt":{"rendered":"<p>Bisch\u00f6fe aus der ganzen Welt mahnen gegen den Synodalen Weg: Der deutsche Sonderweg ist h\u00e4retisch und wird die Kirche spalten. Deutschland mu\u00df zur wahren katholischen Lehre zur\u00fcckkehren. 70 Bisch\u00f6fe aus den USA und Kanada, aus Afrika und Australien schrieben 2022 gemeinsam. Zu den Unterzeichnern geh\u00f6ren Kardinal Burke\/USA und Kardinal Pell\/Australien. Im Wortlaut: \u201eDie Ereignisse in&hellip;<\/p>\n","protected":false},"author":1,"featured_media":6510,"comment_status":"closed","ping_status":"closed","sticky":true,"template":"","format":"standard","meta":{"footnotes":""},"categories":[71,21,338],"tags":[],"class_list":["post-6552","post","type-post","status-publish","format-standard","has-post-thumbnail","hentry","category-christus-glaube","category-religionen","category-offener-brief-an","entry"],"_links":{"self":[{"href":"https:\/\/christliche-mitte.de\/index.php\/wp-json\/wp\/v2\/posts\/6552","targetHints":{"allow":["GET"]}}],"collection":[{"href":"https:\/\/christliche-mitte.de\/index.php\/wp-json\/wp\/v2\/posts"}],"about":[{"href":"https:\/\/christliche-mitte.de\/index.php\/wp-json\/wp\/v2\/types\/post"}],"author":[{"embeddable":true,"href":"https:\/\/christliche-mitte.de\/index.php\/wp-json\/wp\/v2\/users\/1"}],"replies":[{"embeddable":true,"href":"https:\/\/christliche-mitte.de\/index.php\/wp-json\/wp\/v2\/comments?post=6552"}],"version-history":[{"count":2,"href":"https:\/\/christliche-mitte.de\/index.php\/wp-json\/wp\/v2\/posts\/6552\/revisions"}],"predecessor-version":[{"id":6554,"href":"https:\/\/christliche-mitte.de\/index.php\/wp-json\/wp\/v2\/posts\/6552\/revisions\/6554"}],"wp:featuredmedia":[{"embeddable":true,"href":"https:\/\/christliche-mitte.de\/index.php\/wp-json\/wp\/v2\/media\/6510"}],"wp:attachment":[{"href":"https:\/\/christliche-mitte.de\/index.php\/wp-json\/wp\/v2\/media?parent=6552"}],"wp:term":[{"taxonomy":"category","embeddable":true,"href":"https:\/\/christliche-mitte.de\/index.php\/wp-json\/wp\/v2\/categories?post=6552"},{"taxonomy":"post_tag","embeddable":true,"href":"https:\/\/christliche-mitte.de\/index.php\/wp-json\/wp\/v2\/tags?post=6552"}],"curies":[{"name":"wp","href":"https:\/\/api.w.org\/{rel}","templated":true}]}}