{"id":6550,"date":"2022-06-08T21:12:00","date_gmt":"2022-06-08T19:12:00","guid":{"rendered":"https:\/\/christliche-mitte.de\/?p=6550"},"modified":"2024-02-06T13:09:09","modified_gmt":"2024-02-06T12:09:09","slug":"wird-tatsaechlich-gegendert","status":"publish","type":"post","link":"https:\/\/christliche-mitte.de\/index.php\/2022\/06\/08\/wird-tatsaechlich-gegendert\/","title":{"rendered":"Wird tats\u00e4chlich \u201egegendert?\u201c"},"content":{"rendered":"\n<p><strong>Seit drei Jahren kann sich ein Deutscher als \u201edivers\u201c eintragen lassen,<\/strong> d.h., er ist \u00fcberzeugt, weder Mann noch Frau zu sein. Wie gro\u00df ist nun aber die tats\u00e4chliche Zahl der \u201eDiversen\u201c?<\/p>\n\n\n\n<p><strong>Unter 82 Millionen sind es ganze 400 Menschen,<\/strong> die offiziell als <strong>\u201edivers\u201c <\/strong>gef\u00fchrt werden. Weitere 1.200 Personen lie\u00dfen urkundlich ihr Geschlecht \u00e4ndern, d. h. aus \u201eM\u00e4nnern\u201c bzw. \u201eFrauen\u201c wurden durch OP oder Hormone \u201eFrauen\u201c bzw. \u201eM\u00e4nner\u201c.<br><strong>Interessant auch:<\/strong> Viele davon lie\u00dfen sich inzwischen \u201ezur\u00fcckverwandeln\u201c und geben als Grund an, sie h\u00e4tten sich in \u201eihrer Gef\u00fchlswelt geirrt\u201c.<\/p>\n\n\n\n<p>CM-Buch: <a href=\"https:\/\/christliche-mitte.de\/index.php\/produkt\/wahn-wahnsinn-genderwahn\/\" data-type=\"product\" data-id=\"5003\">Gender-Wahn<\/a> (5 \u20ac)<\/p>\n","protected":false},"excerpt":{"rendered":"<p>Seit drei Jahren kann sich ein Deutscher als \u201edivers\u201c eintragen lassen, d.h., er ist \u00fcberzeugt, weder Mann noch Frau zu sein. Wie gro\u00df ist nun aber die tats\u00e4chliche Zahl der \u201eDiversen\u201c? Unter 82 Millionen sind es ganze 400 Menschen, die offiziell als \u201edivers\u201c gef\u00fchrt werden. Weitere 1.200 Personen lie\u00dfen urkundlich ihr Geschlecht \u00e4ndern, d. h.&hellip;<\/p>\n","protected":false},"author":1,"featured_media":5004,"comment_status":"closed","ping_status":"closed","sticky":true,"template":"","format":"standard","meta":{"footnotes":""},"categories":[54],"tags":[],"class_list":["post-6550","post","type-post","status-publish","format-standard","has-post-thumbnail","hentry","category-gender-sexualitaet","entry"],"_links":{"self":[{"href":"https:\/\/christliche-mitte.de\/index.php\/wp-json\/wp\/v2\/posts\/6550","targetHints":{"allow":["GET"]}}],"collection":[{"href":"https:\/\/christliche-mitte.de\/index.php\/wp-json\/wp\/v2\/posts"}],"about":[{"href":"https:\/\/christliche-mitte.de\/index.php\/wp-json\/wp\/v2\/types\/post"}],"author":[{"embeddable":true,"href":"https:\/\/christliche-mitte.de\/index.php\/wp-json\/wp\/v2\/users\/1"}],"replies":[{"embeddable":true,"href":"https:\/\/christliche-mitte.de\/index.php\/wp-json\/wp\/v2\/comments?post=6550"}],"version-history":[{"count":1,"href":"https:\/\/christliche-mitte.de\/index.php\/wp-json\/wp\/v2\/posts\/6550\/revisions"}],"predecessor-version":[{"id":6551,"href":"https:\/\/christliche-mitte.de\/index.php\/wp-json\/wp\/v2\/posts\/6550\/revisions\/6551"}],"wp:featuredmedia":[{"embeddable":true,"href":"https:\/\/christliche-mitte.de\/index.php\/wp-json\/wp\/v2\/media\/5004"}],"wp:attachment":[{"href":"https:\/\/christliche-mitte.de\/index.php\/wp-json\/wp\/v2\/media?parent=6550"}],"wp:term":[{"taxonomy":"category","embeddable":true,"href":"https:\/\/christliche-mitte.de\/index.php\/wp-json\/wp\/v2\/categories?post=6550"},{"taxonomy":"post_tag","embeddable":true,"href":"https:\/\/christliche-mitte.de\/index.php\/wp-json\/wp\/v2\/tags?post=6550"}],"curies":[{"name":"wp","href":"https:\/\/api.w.org\/{rel}","templated":true}]}}