{"id":653,"date":"2017-12-01T23:38:10","date_gmt":"2017-12-01T21:38:10","guid":{"rendered":"https:\/\/christliche-mitte.de\/?p=653"},"modified":"2017-12-01T23:38:10","modified_gmt":"2017-12-01T21:38:10","slug":"kroenung-am-weihnachts-fest","status":"publish","type":"post","link":"https:\/\/christliche-mitte.de\/index.php\/2017\/12\/01\/kroenung-am-weihnachts-fest\/","title":{"rendered":"Kr\u00f6nung am Weihnachts-Fest"},"content":{"rendered":"<p lang=\"de-DE\" align=\"JUSTIFY\"><span style=\"font-size: small;\"><em><span style=\"color: #000000;\"><span style=\"font-family: Palatino Linotype Bold, serif;\">Einen Kaiser hat Europa seit 1918 nicht mehr \u2013 aber christliche Wurzeln.<\/span><\/span><\/em><\/span><\/p>\n<p lang=\"de-DE\" align=\"JUSTIFY\"><span style=\"color: #000000;\"><span style=\"font-family: Palatino Linotype, serif;\"><span style=\"font-size: small;\"><span lang=\"de-DE\">Am 25. Dezember 800 kr\u00f6nt Papst <\/span><span style=\"font-family: Palatino Linotype Bold, serif;\"><span lang=\"de-DE\">Leo III.<\/span><\/span><span lang=\"de-DE\"> den Frankenk\u00f6nig <\/span><span style=\"font-family: Palatino Linotype Bold, serif;\"><span lang=\"de-DE\">Karl<\/span><\/span><span lang=\"de-DE\"> in Rom zum Kaiser. <\/span><span style=\"font-family: Palatino Linotype Bold, serif;\"><span lang=\"de-DE\">Karl der Gro\u00dfe <\/span><\/span><span lang=\"de-DE\">ist der erste christliche Kaiser des Abendlandes. Ihm ist die Christianisierung Frankreichs und Deutschlands zu verdanken. Da\u00adbei kann er an die Missionsarbeit von <\/span><span style=\"font-family: Palatino Linotype Bold, serif;\"><span lang=\"de-DE\">Bonifatius<\/span><\/span><span lang=\"de-DE\">, dem Apostel der Deutschen (\u2020 754), und die der Wanderm\u00f6nche aus England und Irland ankn\u00fcpfen. Durch die Salbung und Kr\u00f6nung in Rom wird Karl zum m\u00e4chtigsten Herrscher Europas. In enger Zusammenarbeit mit dem Papst werden neue Bist\u00fcmer und Kl\u00f6ster in dem Gebiet errichtet, das heute ganz Deutschland und Frankreich umfa\u00dft. Immer wieder kommt der christlich Kaiser Papst Leo III. mit seinem Heer zu Hilfe \u2013<\/span><span lang=\"de-DE\"> im Kampf gegen Aufst\u00e4nde der R\u00f6mer oder die Langobarden.<\/span><\/span><\/span><\/span><\/p>\n<h4 lang=\"de-DE\" style=\"text-align: left;\" align=\"CENTER\"><span style=\"color: #000000;\"><span style=\"font-family: Palatino Linotype Bold, serif;\"><span style=\"font-size: small;\">Christliches Bollwerk <\/span><\/span><\/span><span style=\"color: #000000;\"><span style=\"font-family: Palatino Linotype Bold, serif;\"><span style=\"font-size: small;\">des Abendlandes<\/span><\/span><\/span><\/h4>\n<p lang=\"de-DE\" align=\"JUSTIFY\"><span style=\"color: #000000;\"><span style=\"font-family: Palatino Linotype, serif;\"><span style=\"font-size: small;\"><span lang=\"de-DE\">Sein Selbstverst\u00e4ndnis als Kaiser: \u201eUnsere Aufgabe ist es, die heilige Kirche CHRISTI gegen Angriffe der Heiden mit den Waffen nach au\u00dfen zu verteidigen und nach innen durch die Erkenntnis des katholischen Glaubens zu st\u00e4rken. [\u2026] Euch aber, Heiligster Vater, kommt es zu \u2013 wie einst <\/span><span style=\"font-family: Palatino Linotype Bold, serif;\"><span lang=\"de-DE\">Mose<\/span><\/span><span lang=\"de-DE\"> \u2013 mit zu Gott erhobenen H\u00e4nden unser Heer zu unterst\u00fctzen.\u201c (KG <\/span><span style=\"font-family: Palatino Linotype Italic, serif;\"><span lang=\"de-DE\">Algermissen<\/span><\/span><span lang=\"de-DE\">). Nach dreimaliger Akklamation durch das r\u00f6mische Volk am Weih\u00adnachtstag 800 huldigt der Papst kniend dem Kaiser. Die Kaiserkrone verleiht Karl Vorrang vor allen F\u00fcrsten des Abendlandes. Die Idee des Kirchenvaters <\/span><span style=\"font-family: Palatino Linotype Bold, serif;\"><span lang=\"de-DE\">Augus\u00adtinus<\/span><\/span><span lang=\"de-DE\"> (\u2020 <\/span><span lang=\"de-DE\">430) vom irdischen Gottesstaat wird nun Wirklichkeit: Die Kirche sorgt f\u00fcr religi\u00f6se und sittliche Werte, der Staat hat politische und soziale Aufgaben. Das Mittelalter ist durchaus nicht finster, sondern voll von hoffnungsvoller Dynamik. <\/span><\/span><\/span><\/span><\/p>\n<h4 lang=\"de-DE\" style=\"text-align: left;\" align=\"CENTER\"><span style=\"color: #000000;\"><span style=\"font-family: Palatino Linotype Bold, serif;\"><span style=\"font-size: small;\">Licht und Schatten<\/span><\/span><\/span><\/h4>\n<p lang=\"de-DE\" align=\"JUSTIFY\"><span style=\"color: #000000;\"><span style=\"font-family: Palatino Linotype, serif;\"><span style=\"font-size: small;\"><span lang=\"de-DE\">Die vom Herrscher neu errichtete Verwaltungsstruktur mit K\u00f6nigsboten und Grafen soll dem Reisek\u00f6nig ohne feste Hauptstadt helfen, seine Politik im ganzen Reich durchzusetzen. In seinem Hofstaat befinden sich Gelehrte aus ganz Europa, wie <\/span><span style=\"font-family: Palatino Linotype Bold, serif;\"><span lang=\"de-DE\">Alkuin<\/span><\/span><span lang=\"de-DE\"> (\u2020 804) und <\/span><span style=\"font-family: Palatino Linotype Bold, serif;\"><span lang=\"de-DE\">Einhard<\/span><\/span><span lang=\"de-DE\"> (\u2020 <\/span><span lang=\"de-DE\">840). Sie bilden zusammen mit dem Klerus die intellektuelle Elite des neuen christlichen Reiches. Eine Schrift entsteht, die Karolingische Mi\u00adnuskel, Bibliotheken werden errichtet, Chroniken jedes Jahr geschrieben, Schulen gegr\u00fcndet. Karolingische Renaissance nennen die Historiker diese Epoche nach den Wirren der V\u00f6lkerwanderung und dem Zerfall des R\u00f6mischen Weltreiches. Karl wird der Gro\u00dfe auch deshalb genannt, da er sein Reich in mehreren Kriegen ausgedehnt hat: Bayern, Sachsen und Langobarden werden seinem Reich angegliedert und christianisiert. Eine Schattenseite dieser anf\u00e4nglichen Harmonie zwischen Papst und Kaiser existiert jedoch wie bei allen geschichtlichen Ereignissen: Kritiker betonen die Zwangsbekehrung der Sachsen durch Krieg und die sp\u00e4tere Auseinandersetzung zwischen Papst und Kaiser im 11. Jahrhundert \u00fcber die Frage, wer Bisch\u00f6fe einsetzen d\u00fcrfe (Investiturstreit). Erst das Wormser Konkordat von 1122 findet einen Kompromi\u00df f\u00fcr den Rest des Mittelalters. <\/span><\/span><\/span><\/span><\/p>\n<h4 lang=\"de-DE\" style=\"text-align: left;\" align=\"CENTER\"><span style=\"color: #000000;\"><span style=\"font-family: Palatino Linotype Bold, serif;\"><span style=\"font-size: small;\">Ein Vorbild f\u00fcr heute?<\/span><\/span><\/span><\/h4>\n<p lang=\"de-DE\" align=\"JUSTIFY\"><span style=\"color: #000000;\"><span style=\"font-family: Palatino Linotype, serif;\"><span style=\"font-size: small;\"><span lang=\"de-DE\">Welche Bedeutung hat nun die Epoche Karls des Gro\u00dfen f\u00fcr Deutschland? Durch seine Kooperation mit dem Papst und seine Religiosit\u00e4t gelang es ihm, Deutschland \u2013 das nach seinem Tod aus dem Riesenreich hervorgeht \u2013 ein festes Selbstverst\u00e4ndnis zu geben, tief im Christentum verwurzelt. So kann es den Anst\u00fcrmen ausl\u00e4ndischer M\u00e4chte und des Islam \u00fcber Jahrhunderte standhalten. Erst 1918 dankt der letzte deutsche Kaiser aus der Dynastie der Habsburger ab. Damit ist der Titel \u201eder Gro\u00dfe\u201c auch \u00fcber das Fr\u00fchmittelalter hinaus bis in unsere Zeit gerechtfertigt. Die Kaiserkr\u00f6nung zu Weihnachten im Jahr 800 war f\u00fcr das Reich <\/span><span lang=\"de-DE\">Gottes<\/span><span lang=\"de-DE\"> segensreich.<br \/>\n<\/span><\/span><\/span><\/span><span style=\"font-size: small; color: #999999;\"><em><span style=\"font-family: Palatino Linotype, serif;\"><span style=\"font-family: Palatino Linotype Italic, serif;\"><span lang=\"de-DE\"> Sr. M. Anja<\/span><\/span><\/span><\/em><\/span><\/p>\n","protected":false},"excerpt":{"rendered":"<p>Einen Kaiser hat Europa seit 1918 nicht mehr \u2013 aber christliche Wurzeln. Am 25. Dezember 800 kr\u00f6nt Papst Leo III. den Frankenk\u00f6nig Karl in Rom zum Kaiser. Karl der Gro\u00dfe ist der erste christliche Kaiser des Abendlandes. Ihm ist die Christianisierung Frankreichs und Deutschlands zu verdanken. Da\u00adbei kann er an die Missionsarbeit von Bonifatius, dem&hellip;<\/p>\n","protected":false},"author":1,"featured_media":0,"comment_status":"open","ping_status":"open","sticky":false,"template":"","format":"standard","meta":{"footnotes":""},"categories":[71,72],"tags":[],"class_list":["post-653","post","type-post","status-publish","format-standard","hentry","category-christus-glaube","category-informationen-aus-der-politik","no-post-thumbnail","entry"],"_links":{"self":[{"href":"https:\/\/christliche-mitte.de\/index.php\/wp-json\/wp\/v2\/posts\/653","targetHints":{"allow":["GET"]}}],"collection":[{"href":"https:\/\/christliche-mitte.de\/index.php\/wp-json\/wp\/v2\/posts"}],"about":[{"href":"https:\/\/christliche-mitte.de\/index.php\/wp-json\/wp\/v2\/types\/post"}],"author":[{"embeddable":true,"href":"https:\/\/christliche-mitte.de\/index.php\/wp-json\/wp\/v2\/users\/1"}],"replies":[{"embeddable":true,"href":"https:\/\/christliche-mitte.de\/index.php\/wp-json\/wp\/v2\/comments?post=653"}],"version-history":[{"count":1,"href":"https:\/\/christliche-mitte.de\/index.php\/wp-json\/wp\/v2\/posts\/653\/revisions"}],"predecessor-version":[{"id":654,"href":"https:\/\/christliche-mitte.de\/index.php\/wp-json\/wp\/v2\/posts\/653\/revisions\/654"}],"wp:attachment":[{"href":"https:\/\/christliche-mitte.de\/index.php\/wp-json\/wp\/v2\/media?parent=653"}],"wp:term":[{"taxonomy":"category","embeddable":true,"href":"https:\/\/christliche-mitte.de\/index.php\/wp-json\/wp\/v2\/categories?post=653"},{"taxonomy":"post_tag","embeddable":true,"href":"https:\/\/christliche-mitte.de\/index.php\/wp-json\/wp\/v2\/tags?post=653"}],"curies":[{"name":"wp","href":"https:\/\/api.w.org\/{rel}","templated":true}]}}