{"id":6503,"date":"2022-06-01T22:43:29","date_gmt":"2022-06-01T20:43:29","guid":{"rendered":"https:\/\/christliche-mitte.de\/?p=6503"},"modified":"2022-06-01T22:44:34","modified_gmt":"2022-06-01T20:44:34","slug":"von-herz-zu-herz","status":"publish","type":"post","link":"https:\/\/christliche-mitte.de\/index.php\/2022\/06\/01\/von-herz-zu-herz\/","title":{"rendered":"Von Herz zu Herz"},"content":{"rendered":"\n<p>Geboren wird <strong>Sr. Margareta Maria Alacoque<\/strong> 1647 in Burgund, ihr Vater ist Richter und Notar. Sie hat eine schwere Kindheit, doch dann sieht sie JESUS in zahlreichen Visionen und Schauungen.<\/p>\n\n\n\n<p>Margareta liebt die Stille, betet vor dem Allerheiligsten, w\u00e4hrend die anderen unbedarft spielen. Die Mutter gibt das achtj\u00e4hrige M\u00e4dchen ins Pensionat der Klarissen-Schwestern zur Erziehung, als der Vater stirbt.<\/p>\n\n\n\n<p>Als Margareta 20 ist, vesucht sie, sich auf einem Ball zu am\u00fcsieren. Da aber erscheint ihr der leidende CHRISTUS mitten im Tanz, blut\u00fcberstr\u00f6mt mit den Wunden Seiner Gei\u00dfelung, sie anklagend wegen ihrer Untreue. Sie bricht den Tanz ab. \u00dcberw\u00e4ltigt von Liebe erkennt sie: ER braucht mich! Ich liebe IHN! ER liebt mich! Mein Keuschheits-Gel\u00fcbde ist wahr und g\u00fcltig! Ihr Entschlu\u00df steht fest: Sie wird Ordensfrau. 1671 tritt sie in dem von JESUS genannten Kloster in Paray-le-Monial, Frankreich, ein.<\/p>\n\n\n\n<p><strong>Sie sieht JESUS<\/strong><\/p>\n\n\n\n<p>Zwischen 1673 und 1675 hat die junge Ordensschwester vier gro\u00dfe Herz-JESU-Visionen, die in die Kirchengeschichte eingehen: JESUS w\u00fcnscht die Einf\u00fchrung des <strong>Herz-JESU-Festes <\/strong>und der <strong>Herz-JESU-Freitage<\/strong>, die daraufhin bis heute liturgisch gefeiert werden. Sr. Margareta Maria Alacoque sieht das Herz JESU gl\u00fchend vor Liebe \u2013 wie einen gl\u00fchenden Schmelzofen. Die Seitenwunde des Heilands ist ge\u00f6ffnet. Die Liebesflammen, die aus dem Herzen JESU str\u00f6men, flie\u00dfen zu den Menschen, bringen Heilung, Gnade und Schutz vor dem B\u00f6sen. Weil JESUS die Menschen so sehr liebt, m\u00f6chte ER von ihnen wiedergeliebt werden. Dies soll Margareta der Welt mitteilen. ER w\u00fcnscht die Verehrung Seines Herzens.&nbsp; Deshalb fordert ER: Die Kirche soll an jedem ersten Freitag im Monat Seine Liebe zu den Menschen verehren. Dazu sollen die Herz-JESU-Freitage liturgisch eingef\u00fchrt werden. ER verlangt die Einf\u00fchrung des Herz-JESU-Festes am ersten Freitag nach der Fronleichnams-Oktav. Die Verehrung Seines Herzens soll zur S\u00fchne \u2013 zur Wiedergutmachung \u2013 der IHM angetanen Schm\u00e4hungen dienen. Sr. Margareta Maria Alacoque soll um die Einrichtung des Herz-JESU-Festes und der Herz-JESU-Freitage bitten \u2013 \u00fcber ihre Oberin bei den zust\u00e4ndigen Kirchenbeh\u00f6rden.<\/p>\n\n\n\n<p><strong>Steiniger Weg<\/strong><\/p>\n\n\n\n<p>Die Mitschwestern im Kloster feinden die Vision\u00e4rin an, schlagen sie sogar eines Nachts zusammen. Sr. Margareta Maria aber ertr\u00e4gt alles geduldig. Die Kloster-Oberin l\u00e4\u00dft die Visionen<br>pr\u00fcfen durch Theologen, doch sp\u00e4ter auch durch die Obersten Kirchenbeh\u00f6rden in Vatikan. Der Jesuitenpater Claude de la Colombi\u00e8re ist ihr Geistlicher Begleiter. Er erkennt ihre Sendung und die \u00dcbernat\u00fcrlichkeit ihrer Botschaft und hilft ihr, die Herz-JESU-Verehrung zu verbreiten. 1684 wird Sr. Margareta \u00fcberraschend von der neuen Oberin zur Assistentin gew\u00e4hlt und f\u00fcr zwei Jahre zur Novizen-Meisterin: Nun kann sie die Herz-JESU-Verehrung im Orden verbreiten. Sechs Jahre sp\u00e4ter stirbt sie am 16. Oktober 1690 mit dem Namen JESUS auf den Lippen. Einzelne Ordens-Gemeinschaften f\u00fchren das HERZ-JESU-Fest ein und feiern es, bis Papst Pius IX. (\u20201878) es f\u00fcr die gesamte Kirche vorschreibt. 1899 weiht Papst Leo XIII. (\u20201903) die ganze Welt dem Herzen JESU und empfiehlt die <strong>Feier der Herz-JESU-Freitage an jedem ersten Freitag des Monats.<\/strong>&nbsp;<br><em>Sr. Maria Anja<\/em><\/p>\n\n\n\n<p>CM-Buch: <strong><a href=\"https:\/\/christliche-mitte.de\/index.php\/2019\/10\/30\/mit-den-heiligen-durchs-jahr\/\" data-type=\"post\" data-id=\"3104\">Mit den Heiligen durchs Jahr<\/a><\/strong> (5 \u20ac)<\/p>\n","protected":false},"excerpt":{"rendered":"<p>Geboren wird Sr. Margareta Maria Alacoque 1647 in Burgund, ihr Vater ist Richter und Notar. Sie hat eine schwere Kindheit, doch dann sieht sie JESUS in zahlreichen Visionen und Schauungen. Margareta liebt die Stille, betet vor dem Allerheiligsten, w\u00e4hrend die anderen unbedarft spielen. Die Mutter gibt das achtj\u00e4hrige M\u00e4dchen ins Pensionat der Klarissen-Schwestern zur Erziehung,&hellip;<\/p>\n","protected":false},"author":1,"featured_media":2937,"comment_status":"closed","ping_status":"closed","sticky":true,"template":"","format":"standard","meta":{"footnotes":""},"categories":[71,21,4],"tags":[],"class_list":["post-6503","post","type-post","status-publish","format-standard","has-post-thumbnail","hentry","category-christus-glaube","category-religionen","category-kurier-der-christlichen-mitte","entry"],"_links":{"self":[{"href":"https:\/\/christliche-mitte.de\/index.php\/wp-json\/wp\/v2\/posts\/6503","targetHints":{"allow":["GET"]}}],"collection":[{"href":"https:\/\/christliche-mitte.de\/index.php\/wp-json\/wp\/v2\/posts"}],"about":[{"href":"https:\/\/christliche-mitte.de\/index.php\/wp-json\/wp\/v2\/types\/post"}],"author":[{"embeddable":true,"href":"https:\/\/christliche-mitte.de\/index.php\/wp-json\/wp\/v2\/users\/1"}],"replies":[{"embeddable":true,"href":"https:\/\/christliche-mitte.de\/index.php\/wp-json\/wp\/v2\/comments?post=6503"}],"version-history":[{"count":2,"href":"https:\/\/christliche-mitte.de\/index.php\/wp-json\/wp\/v2\/posts\/6503\/revisions"}],"predecessor-version":[{"id":6505,"href":"https:\/\/christliche-mitte.de\/index.php\/wp-json\/wp\/v2\/posts\/6503\/revisions\/6505"}],"wp:featuredmedia":[{"embeddable":true,"href":"https:\/\/christliche-mitte.de\/index.php\/wp-json\/wp\/v2\/media\/2937"}],"wp:attachment":[{"href":"https:\/\/christliche-mitte.de\/index.php\/wp-json\/wp\/v2\/media?parent=6503"}],"wp:term":[{"taxonomy":"category","embeddable":true,"href":"https:\/\/christliche-mitte.de\/index.php\/wp-json\/wp\/v2\/categories?post=6503"},{"taxonomy":"post_tag","embeddable":true,"href":"https:\/\/christliche-mitte.de\/index.php\/wp-json\/wp\/v2\/tags?post=6503"}],"curies":[{"name":"wp","href":"https:\/\/api.w.org\/{rel}","templated":true}]}}