{"id":6478,"date":"2022-05-02T17:51:37","date_gmt":"2022-05-02T15:51:37","guid":{"rendered":"https:\/\/christliche-mitte.de\/?p=6478"},"modified":"2022-05-03T11:57:58","modified_gmt":"2022-05-03T09:57:58","slug":"der-impfwahn-von-bill-gates","status":"publish","type":"post","link":"https:\/\/christliche-mitte.de\/index.php\/2022\/05\/02\/der-impfwahn-von-bill-gates\/","title":{"rendered":"Der Impfwahn von Bill Gates"},"content":{"rendered":"\n<p>Bill Gates gilt als der Welt zweitreichster Milliard\u00e4r. In einem Vortrag hat er seine Pl\u00e4ne in aller Offenheit und mit einer kaum verh\u00fcllten Unverfrorenheit dargelegt, da\u00df man sich fragt, von wem in aller Welt dieser Mann gesteuert ist.<\/p>\n\n\n\n<p>Vor allem, wenn es sich herausstellt, da\u00df Gates 2007 ein Patent angemeldet hat, das in der Hauptsache ein Enzym mit dem Namen Luciferase behandelt. Dieses Enzym Luciferase entwickelt die Eigenschaft, die den Menschen verabreichte Impfung lange noch nach der Impfung lesbar zu machen. Am 26.3.2020 wurde dieses Patent ver\u00f6ffentlicht. Durch die Lesbarmachung der Impfung w\u00fcrde genau das erreicht, wovon die Heilige Schrift spricht, da\u00df nur derjenige kaufen oder verkaufen kann, der das Zeichen auf der Hand oder auf der Stirn tr\u00e4gt. (Offb. 13,16-18; 14,9-12) In seinem Vortrag sprach Bill Gates im Tonfall eines Wohlt\u00e4ters in beinah euphorischer Stimmung davon, und zwar vor einem zahlreichen Publikum, \u201eda\u00df wir die Weltbev\u00f6lkerung von 6 oder bald 9 Milliarden, wenn wir gut arbeiten, mit einer nun rasch zu entwickelnden Impfung um 10-15% reduzieren k\u00f6nnen.\u201c Obwohl Gates in den vergangenen Jahren eine ersch\u00fctternde Spur von Impftrag\u00f6dien vor allem in den Entwicklungsl\u00e4ndern hinterlassen hat, wurde er am Ostersonntag, dem 12. April 2020, von der ARD-Tagesschau eingeladen, neun Minuten lang zur besten Sendezeit sein Corona-Impfprogramm zu propagieren. &nbsp;&nbsp;&nbsp;&nbsp;&nbsp;&nbsp;&nbsp;&nbsp;&nbsp;&nbsp;&nbsp; <br><em>A. Mehlich<\/em><\/p>\n\n\n\n<p>CM-Antiquariat-Buch:<strong> Von Rettern und Rebellen <\/strong>(20 \u20ac)<\/p>\n","protected":false},"excerpt":{"rendered":"<p>Bill Gates gilt als der Welt zweitreichster Milliard\u00e4r. In einem Vortrag hat er seine Pl\u00e4ne in aller Offenheit und mit einer kaum verh\u00fcllten Unverfrorenheit dargelegt, da\u00df man sich fragt, von wem in aller Welt dieser Mann gesteuert ist. Vor allem, wenn es sich herausstellt, da\u00df Gates 2007 ein Patent angemeldet hat, das in der Hauptsache&hellip;<\/p>\n","protected":false},"author":1,"featured_media":0,"comment_status":"closed","ping_status":"closed","sticky":true,"template":"","format":"standard","meta":{"footnotes":""},"categories":[63,21,347,4],"tags":[],"class_list":["post-6478","post","type-post","status-publish","format-standard","hentry","category-lebensschutz-aller-menschen","category-religionen","category-gesundheit","category-kurier-der-christlichen-mitte","no-post-thumbnail","entry"],"_links":{"self":[{"href":"https:\/\/christliche-mitte.de\/index.php\/wp-json\/wp\/v2\/posts\/6478","targetHints":{"allow":["GET"]}}],"collection":[{"href":"https:\/\/christliche-mitte.de\/index.php\/wp-json\/wp\/v2\/posts"}],"about":[{"href":"https:\/\/christliche-mitte.de\/index.php\/wp-json\/wp\/v2\/types\/post"}],"author":[{"embeddable":true,"href":"https:\/\/christliche-mitte.de\/index.php\/wp-json\/wp\/v2\/users\/1"}],"replies":[{"embeddable":true,"href":"https:\/\/christliche-mitte.de\/index.php\/wp-json\/wp\/v2\/comments?post=6478"}],"version-history":[{"count":4,"href":"https:\/\/christliche-mitte.de\/index.php\/wp-json\/wp\/v2\/posts\/6478\/revisions"}],"predecessor-version":[{"id":6493,"href":"https:\/\/christliche-mitte.de\/index.php\/wp-json\/wp\/v2\/posts\/6478\/revisions\/6493"}],"wp:attachment":[{"href":"https:\/\/christliche-mitte.de\/index.php\/wp-json\/wp\/v2\/media?parent=6478"}],"wp:term":[{"taxonomy":"category","embeddable":true,"href":"https:\/\/christliche-mitte.de\/index.php\/wp-json\/wp\/v2\/categories?post=6478"},{"taxonomy":"post_tag","embeddable":true,"href":"https:\/\/christliche-mitte.de\/index.php\/wp-json\/wp\/v2\/tags?post=6478"}],"curies":[{"name":"wp","href":"https:\/\/api.w.org\/{rel}","templated":true}]}}