{"id":642,"date":"2017-12-01T22:24:27","date_gmt":"2017-12-01T20:24:27","guid":{"rendered":"https:\/\/christliche-mitte.de\/?p=642"},"modified":"2017-12-01T22:24:27","modified_gmt":"2017-12-01T20:24:27","slug":"gedenken-an-eine-starke-frau","status":"publish","type":"post","link":"https:\/\/christliche-mitte.de\/index.php\/2017\/12\/01\/gedenken-an-eine-starke-frau\/","title":{"rendered":"Gedenken an eine starke Frau"},"content":{"rendered":"<p lang=\"de-DE\" align=\"JUSTIFY\"><span style=\"color: #000000;\"><span style=\"font-family: Palatino Linotype Bold, serif;\"><span style=\"font-size: small;\">Die niederl\u00e4ndischen Bisch\u00f6fe schweigen ebensowenig zur Juden-Vernichtung durch die Nazis wie Pius XII. Die Antwort auf das Bischofswort vor 75 Jahren ist eine Verhaftungswelle von getauften Juden in Holland (1942).<\/span><\/span><\/span><\/p>\n<p lang=\"de-DE\" align=\"JUSTIFY\"><span style=\"color: #000000;\"><span style=\"font-family: Palatino Linotype, serif;\"><span style=\"font-size: small;\"><span lang=\"de-DE\">Eine der Getauften ist <\/span><span style=\"font-family: Palatino Linotype Bold, serif;\"><span lang=\"de-DE\">Edith Stein, Sr. Teresia Benedicta \u00e0 Cruce,<\/span><\/span><span lang=\"de-DE\"> Karmelitin. 987 Menschen werden in verschlossenen Eisenbahnwaggons quer durch Deutschland transportiert. Ziel ist das Vernichtungs-Lager Auschwitz. Dort werden 464 von ihnen als H\u00e4ftlinge zu Zwangsarbeit verurteilt, 523 sofort get\u00f6tet. Tod durch Vergasung (9. August 1942). Schwester Ediths letzter Gru\u00df gilt der Di\u00f6zese Speyer, in der sie zum katholischen Glauben konvertiert hat. Schifferstadt, zwei Tage vor ihrem Tod: Als der Zug kurze Zeit h\u00e4lt und sie an den Gleisen einen ihr bekannten Pfarrer entdeckt, l\u00e4\u00dft sie einen Zettel aus dem Waggon fallen und bittet, die Schwestern von <\/span><span style=\"font-family: Palatino Linotype Bold, serif;\"><span lang=\"de-DE\">St. Magdalena<\/span><\/span><span lang=\"de-DE\"> zu gr\u00fc\u00dfen. Dort hat sie als Lehrerin 1923-1931 gearbeitet. Die Botschaft der gro\u00dfen GOTT-Sucherin: \u201eWer die Wahrheit sucht, der sucht GOTT, ob ihm das bewu\u00dft ist oder nicht.\u201c Geboren als J\u00fcdin in Breslau, Schlesien, erkl\u00e4rt sie sich mit 14 Jahren zur Atheistin, ist aber die Jahre danach unerm\u00fcdlich auf der Suche nach der Wahrheit und dem Sinn des Lebens. Sie studiert und promoviert, findet eine Anstellung als Gymnasiallehrerin bei den <\/span><span style=\"font-family: Palatino Linotype Bold, serif;\"><span lang=\"de-DE\">Schulschwestern vom Hl. Dominikus<\/span><\/span><span lang=\"de-DE\"> in Speyer und lebt bei ihnen, bis sie selbst nach ihrer Taufe und Konversion in den K\u00f6lner Karmel eintritt (1933). Leid kennt Sr. Benedicta vom Kreuz seit ihrer Jugend. Im Ersten Weltkrieg f\u00e4llt ihr Studienfreund als Soldat: Hochgebildet, jung verheiratet, wird er ein Opfer des Krieges. Tief bewegt wird sie in dieser Situation von der Ehefrau des Verstorbenen: Das Kreuz JESU CHRISTI gibt der jungen Witwe die Kraft, den Tod ihres Mannes in Ruhe und W\u00fcrde tapfer zu tragen. \u201eEs war der Augenblick, in dem CHRISTUS aufstrahlte: CHRISTUS im Geheimnis des Kreuzes!\u201c, h\u00e4lt Edith Stein in ihren Aufzeichnungen fest. Sp\u00e4ter w\u00e4hlt sie bewu\u00dft den Beinamen \u201evom Kreuz\u201c in ihrer Ordens-Profe\u00df. Das Wort JESU klingt auch in Auschwitz bei ihrem Tod nach: <\/span><span style=\"font-family: Palatino Linotype Bold, serif;\"><span lang=\"de-DE\"><span style=\"font-family: Palatino Linotype Bold Italic, serif;\">\u201eKommt alle zu mir, die ihr m\u00fchselig und beladen seid. ICH will euch Ruhe verschaffen.\u201c<\/span><\/span><\/span><span lang=\"de-DE\"> (Mt 11, 28). Die Stimmen der Nationalsozialisten aber rufen: \u201eAns Kreuz mit ihr!\u201c wie beim Tode des GOTT-Menschen. Fest wei\u00df sich Edith Stein in der Vorsehung GOTTES geborgen. Sie hat gelernt, das Kreuz in ihrem Leben zu lieben.<br \/>\n<\/span><\/span><\/span><\/span><span style=\"color: #999999; font-size: small;\"> <span style=\"font-family: Palatino Linotype, serif;\"> <span style=\"font-family: Palatino Linotype Italic, serif;\"><span lang=\"de-DE\">Sr. Maria Anja<\/span><\/span><\/span><\/span><\/p>\n","protected":false},"excerpt":{"rendered":"<p>Die niederl\u00e4ndischen Bisch\u00f6fe schweigen ebensowenig zur Juden-Vernichtung durch die Nazis wie Pius XII. Die Antwort auf das Bischofswort vor 75 Jahren ist eine Verhaftungswelle von getauften Juden in Holland (1942). Eine der Getauften ist Edith Stein, Sr. Teresia Benedicta \u00e0 Cruce, Karmelitin. 987 Menschen werden in verschlossenen Eisenbahnwaggons quer durch Deutschland transportiert. Ziel ist das&hellip;<\/p>\n","protected":false},"author":1,"featured_media":0,"comment_status":"open","ping_status":"open","sticky":false,"template":"","format":"standard","meta":{"footnotes":""},"categories":[71],"tags":[],"class_list":["post-642","post","type-post","status-publish","format-standard","hentry","category-christus-glaube","no-post-thumbnail","entry"],"_links":{"self":[{"href":"https:\/\/christliche-mitte.de\/index.php\/wp-json\/wp\/v2\/posts\/642","targetHints":{"allow":["GET"]}}],"collection":[{"href":"https:\/\/christliche-mitte.de\/index.php\/wp-json\/wp\/v2\/posts"}],"about":[{"href":"https:\/\/christliche-mitte.de\/index.php\/wp-json\/wp\/v2\/types\/post"}],"author":[{"embeddable":true,"href":"https:\/\/christliche-mitte.de\/index.php\/wp-json\/wp\/v2\/users\/1"}],"replies":[{"embeddable":true,"href":"https:\/\/christliche-mitte.de\/index.php\/wp-json\/wp\/v2\/comments?post=642"}],"version-history":[{"count":1,"href":"https:\/\/christliche-mitte.de\/index.php\/wp-json\/wp\/v2\/posts\/642\/revisions"}],"predecessor-version":[{"id":643,"href":"https:\/\/christliche-mitte.de\/index.php\/wp-json\/wp\/v2\/posts\/642\/revisions\/643"}],"wp:attachment":[{"href":"https:\/\/christliche-mitte.de\/index.php\/wp-json\/wp\/v2\/media?parent=642"}],"wp:term":[{"taxonomy":"category","embeddable":true,"href":"https:\/\/christliche-mitte.de\/index.php\/wp-json\/wp\/v2\/categories?post=642"},{"taxonomy":"post_tag","embeddable":true,"href":"https:\/\/christliche-mitte.de\/index.php\/wp-json\/wp\/v2\/tags?post=642"}],"curies":[{"name":"wp","href":"https:\/\/api.w.org\/{rel}","templated":true}]}}