{"id":6313,"date":"2022-03-28T21:32:20","date_gmt":"2022-03-28T19:32:20","guid":{"rendered":"https:\/\/christliche-mitte.de\/?p=6313"},"modified":"2022-03-28T21:32:22","modified_gmt":"2022-03-28T19:32:22","slug":"baerentatze-krallt-europa","status":"publish","type":"post","link":"https:\/\/christliche-mitte.de\/index.php\/2022\/03\/28\/baerentatze-krallt-europa\/","title":{"rendered":"B\u00e4rentatze krallt Europa"},"content":{"rendered":"\n<p><\/p>\n\n\n\n<p>Pr\u00e4sident Wladimir Putin will das Gro\u00dfrussische Reich wieder aufbauen: 2014 annektiert er die Krim, 2022 die Ukraine. Diese aber wehrt sich, gest\u00fctzt durch den Westen, d.h. auch durch Deutschland.<\/p>\n\n\n\n<p>Die Muttergottes warnt schon in Fatima 1917 vor dem Dritten Weltkrieg: \u201eWenn sich Ru\u00dfland nicht bekehrt, wird es zur Gei\u00dfel Europas werden.\u201c Sie w\u00fcnschte die Weihe Ru\u00dflands an ihr unbeflecktes Herz, durchgef\u00fchrt vom hl. Vater in Rom, im Einklang mit allen Bisch\u00f6fen der Welt. Denn nur so kann der Frieden gewahrt werden. Ohne Gebet und die Liebe zu GOTT, kein Frieden in der Welt.<\/p>\n\n\n\n<p><strong>Polen betet unentwegt<\/strong><\/p>\n\n\n\n<p>Polen f\u00fcrchtet, das n\u00e4chste Ziel der russischen Expansions-Politik zu sein. In der Nacht auf den 26. Februar 2022 \u00f6ffnen die polnischen Bisch\u00f6fe die Kirchen zum Gebet. Tausende Katholiken kommen zum Rosenkranz und zur Anbetung des Allerheiligsten bis ins Morgenlicht. Gef\u00fcllte Gottesh\u00e4user.<\/p>\n\n\n\n<p><strong>Russischer Gro\u00dfangriff auf die Ukraine<\/strong><\/p>\n\n\n\n<p>Was war geschehen? Ohne Kriegserkl\u00e4rung f\u00e4llt Ru\u00dfland am 24. Februar 2022 in die Ukraine ein und er\u00f6ffnet die Bodenoffensive. Schon am Abend erreichen die Truppen die Hauptstadt Kiew, Raketenangriffe \u00fcberall im Land. Russische Truppen erlangen die Lufthoheit \u00fcber Kiew, doch eingenommen ist die Stadt noch nicht. Pr\u00e4sident Selenskyj verh\u00e4ngt das Kriegsrecht in der Ukraine und bricht die diplomatischen Beziehungen zu Moskau ab. Der Wes\u00adten ist in Alarmbereitschaft und f\u00fcrchtet die Ausweitung des Krieges auf Europa: Bundeskanzler Scholz k\u00fcndigt am 27.2.22 die milit\u00e4rische Unterst\u00fctzung der Ukrainer im Rahmen der EU an und die Aufstockung des deutschen Milit\u00e4r-Etats: \u201eWladimir Putin vergeht sich am ukrainischen Volk.\u201c<\/p>\n\n\n\n<p>S<strong>chritt f\u00fcr Schritt in die Katastrophe<\/strong><\/p>\n\n\n\n<p>Ein Machtwechsel in der Ukraine entfachte Ru\u00dflands Gro\u00dfmachts-Gel\u00fcste. 2013 kommt der pro-russische Pr\u00e4sident Janukowitsch an die Macht in Kiew. Die westlich-orientierte Bev\u00f6lkerung rebelliert gegen ihn, so da\u00df Janukowitsch nach Moskau flieht. Putin besetzt nun die Krim 2014, die zur Ukraine geh\u00f6rt, und gliedert sie \u2013 mit Berufung auf uralte Rechte \u2013 Ru\u00dfland an. Die USA und EU verh\u00e4ngen Sanktionen gegen Ru\u00dfland. Pro-russische Separatisten w\u00e4hlen nun eigene Parlamente in Luhansk und Donesk und rufen \u201eKlein-Ru\u00dfland\u201c aus. Putin teilt seit 2019 russische P\u00e4sse in den Separatisten-Gebieten aus und gliedert sie damit de facto in sein Reich ein. 2021 stellt Moskau Truppen an der Grenze zur Ost-Ukraine auf: \u201eZum Schutz der russischen Staatsb\u00fcrger im Ausland!\u201c Denn: \u201eRussen und Ukrainer sind ein Volk.\u201c<\/p>\n\n\n\n<p>Erst die Ukraine, dann die ganze Welt<\/p>\n\n\n\n<p>\u201eAuch der beste Mensch kann nicht im Frieden leben, wenn der Nachbar es nicht will.\u201c Diese Lebensweisheit konkretisiert sich heute. Putin wird auch vor Deutschland und Europa nicht Halt machen. Der Seher Alois Irlmaier (\u20201959) sieht in seinen Zukunftsvisionen die Russen in drei Heeres-Einheiten nach Deutschland vorsto\u00dfen. Der Krieg ist die Gei\u00dfel GOTTES f\u00fcr Europas zunehmende Gottlosigkeit und Apostasie, den Glaubensabfall, im 20.\/21. Jahrhundert: Bu\u00dfe f\u00fcr die Millionen von Abtreibungen seit den 1970er Jahren, Bu\u00dfe f\u00fcr mangelnden Glauben und den Synodalen Irrweg. Bu\u00dfe f\u00fcr einen Mangel an GOTTES- und N\u00e4chstenliebe.<\/p>\n\n\n\n<p><strong>Wer zuletzt siegen wird<\/strong><\/p>\n\n\n\n<p>Doch am Ende wird \u201edas unbe\u00adfleckte Herz Mariens siegen.\u201c Und: \u201eW\u00e4hrend der schrecklichen Verfolgung der heiligen r\u00f6mischen Kirche wird Petrus, ein R\u00f6mer, regieren. Er wird die Schafe unter vielen Bedr\u00e4ngnissen weiden. Dann wird die Sieben-H\u00fcgelstadt zerst\u00f6rt werden, und der furchtbare Richter wird Sein Volk richten. Ende.\u201c (Bischof Malachias, \u20201148) <br><strong>Beten wir diesen Sieg der Herzen JESU und Mariens herbei! <\/strong>Denn nur die Wandlung der Herzen aller Menschen hin zu JESUS und Maria verm\u00f6gen den Weltfrieden und den ewigen Frieden zu sichern. \u00a0\u00a0\u00a0\u00a0<br><em>Sr. M. Anja Henkel<\/em><\/p>\n\n\n\n<p>CM-Buch: <em><strong>Das Fatima-Geheimnis<\/strong><\/em> (20 \u20ac)<\/p>\n","protected":false},"excerpt":{"rendered":"<p>Pr\u00e4sident Wladimir Putin will das Gro\u00dfrussische Reich wieder aufbauen: 2014 annektiert er die Krim, 2022 die Ukraine. Diese aber wehrt sich, gest\u00fctzt durch den Westen, d.h. auch durch Deutschland. Die Muttergottes warnt schon in Fatima 1917 vor dem Dritten Weltkrieg: \u201eWenn sich Ru\u00dfland nicht bekehrt, wird es zur Gei\u00dfel Europas werden.\u201c Sie w\u00fcnschte die Weihe&hellip;<\/p>\n","protected":false},"author":1,"featured_media":0,"comment_status":"closed","ping_status":"closed","sticky":false,"template":"","format":"standard","meta":{"footnotes":""},"categories":[71,21,4],"tags":[],"class_list":["post-6313","post","type-post","status-publish","format-standard","hentry","category-christus-glaube","category-religionen","category-kurier-der-christlichen-mitte","no-post-thumbnail","entry"],"_links":{"self":[{"href":"https:\/\/christliche-mitte.de\/index.php\/wp-json\/wp\/v2\/posts\/6313","targetHints":{"allow":["GET"]}}],"collection":[{"href":"https:\/\/christliche-mitte.de\/index.php\/wp-json\/wp\/v2\/posts"}],"about":[{"href":"https:\/\/christliche-mitte.de\/index.php\/wp-json\/wp\/v2\/types\/post"}],"author":[{"embeddable":true,"href":"https:\/\/christliche-mitte.de\/index.php\/wp-json\/wp\/v2\/users\/1"}],"replies":[{"embeddable":true,"href":"https:\/\/christliche-mitte.de\/index.php\/wp-json\/wp\/v2\/comments?post=6313"}],"version-history":[{"count":1,"href":"https:\/\/christliche-mitte.de\/index.php\/wp-json\/wp\/v2\/posts\/6313\/revisions"}],"predecessor-version":[{"id":6314,"href":"https:\/\/christliche-mitte.de\/index.php\/wp-json\/wp\/v2\/posts\/6313\/revisions\/6314"}],"wp:attachment":[{"href":"https:\/\/christliche-mitte.de\/index.php\/wp-json\/wp\/v2\/media?parent=6313"}],"wp:term":[{"taxonomy":"category","embeddable":true,"href":"https:\/\/christliche-mitte.de\/index.php\/wp-json\/wp\/v2\/categories?post=6313"},{"taxonomy":"post_tag","embeddable":true,"href":"https:\/\/christliche-mitte.de\/index.php\/wp-json\/wp\/v2\/tags?post=6313"}],"curies":[{"name":"wp","href":"https:\/\/api.w.org\/{rel}","templated":true}]}}