{"id":6267,"date":"2022-02-27T20:05:34","date_gmt":"2022-02-27T18:05:34","guid":{"rendered":"https:\/\/christliche-mitte.de\/?p=6267"},"modified":"2022-02-27T20:05:36","modified_gmt":"2022-02-27T18:05:36","slug":"sach-maengel-von-traditiones-custodis","status":"publish","type":"post","link":"https:\/\/christliche-mitte.de\/index.php\/2022\/02\/27\/sach-maengel-von-traditiones-custodis\/","title":{"rendered":"Sach-M\u00e4ngel von \u201eTraditiones custodis\u201c"},"content":{"rendered":"\n<p>Papst Franziskus reduziert in seinem Motu proprio vom 16. Juli 2021 die Liturgie auf das, was in den von Paul VI. und Johannes Paul II. promulgierten liturgischen B\u00fcchern zum Ausdruck kommt. Diese B\u00fccher seien \u201eder einzige Ausdruck der lex orandi des R\u00f6mischen Ritus\u201c.<\/p>\n\n\n\n<p>Papst <strong>Benedikt XVI. <\/strong>machte aber mit dem Motu proprio \u201eSummorum Pontificum\u201c vom 7. Juli 2007 die Sch\u00e4tze des ungeschm\u00e4lerten Glaubensgutes der Kirche wieder zug\u00e4nglich, so da\u00df nun auch j\u00fcngere Generationen wieder wissen und aus eigener Erfahrung miterleben konnten, was ihnen ur\u00adspr\u00fcnglich genommen worden war: \u201eEs gibt zwei Ausdrucksformen der \u201elex orandi\u201c, die ordentliche Ausdrucksform (ordinaria expressio), die in dem von Paul VI. promulgierten Me\u00dfbuch vorliegt, und die au\u00dferordentliche Ausdrucksform (extraordinaria expressio), die in dem vom hl. Pius V. und von Johannes XXIII. neu herausgegebenen R\u00f6mischen Me\u00dfbuch enthalten ist.\u201c <br>Papst Franziskus setzt sich jedoch dazu in einen diametralen Gegensatz, indem er nur noch eine \u201eeinzige Ausdrucksform\u201c der \u201elex orandi\u201c als g\u00fcltig bestimmt (TC Art.1). Unschwer l\u00e4\u00dft sich erkennen, da\u00df mittel- oder langfristig die totale Zerschlagung der \u00fcberlieferten Liturgie \u2013 die missa tridentina \u2013 das eigentliche Ziel ist und ihr vorerst noch eine gewisse Gnadenfrist mit drastischen Einschr\u00e4nkungen gew\u00e4hrt wird.<\/p>\n\n\n\n<p>So ergibt sich die paradoxe Situation: Damit die Braut CHRISTI, die Kirche, vor einer Amnesie, einem Ged\u00e4chtnisverlust, be\u00adwahrt bleibe, werden traditionstreue Katholiken sich nun als Konter-Revolution\u00e4re bew\u00e4hren m\u00fcssen.<br><em>Prof. Dr. Michael Fiedrowicz<\/em><\/p>\n\n\n\n<p>CM-Buch: <strong>Alte hl. Messe<\/strong> (5 \u20ac) UND: <a href=\"https:\/\/christliche-mitte.de\/index.php\/produkt\/der-loewe-von-fulda\/\" data-type=\"product\" data-id=\"6061\"><strong>Bi\u00adschof Dyba \u2013 Der L\u00f6we von Fulda <\/strong><\/a>(15 \u20ac)<\/p>\n","protected":false},"excerpt":{"rendered":"<p>Papst Franziskus reduziert in seinem Motu proprio vom 16. Juli 2021 die Liturgie auf das, was in den von Paul VI. und Johannes Paul II. promulgierten liturgischen B\u00fcchern zum Ausdruck kommt. Diese B\u00fccher seien \u201eder einzige Ausdruck der lex orandi des R\u00f6mischen Ritus\u201c. Papst Benedikt XVI. machte aber mit dem Motu proprio \u201eSummorum Pontificum\u201c vom&hellip;<\/p>\n","protected":false},"author":1,"featured_media":1651,"comment_status":"closed","ping_status":"closed","sticky":true,"template":"","format":"standard","meta":{"footnotes":""},"categories":[71,21,4],"tags":[],"class_list":["post-6267","post","type-post","status-publish","format-standard","has-post-thumbnail","hentry","category-christus-glaube","category-religionen","category-kurier-der-christlichen-mitte","entry"],"_links":{"self":[{"href":"https:\/\/christliche-mitte.de\/index.php\/wp-json\/wp\/v2\/posts\/6267","targetHints":{"allow":["GET"]}}],"collection":[{"href":"https:\/\/christliche-mitte.de\/index.php\/wp-json\/wp\/v2\/posts"}],"about":[{"href":"https:\/\/christliche-mitte.de\/index.php\/wp-json\/wp\/v2\/types\/post"}],"author":[{"embeddable":true,"href":"https:\/\/christliche-mitte.de\/index.php\/wp-json\/wp\/v2\/users\/1"}],"replies":[{"embeddable":true,"href":"https:\/\/christliche-mitte.de\/index.php\/wp-json\/wp\/v2\/comments?post=6267"}],"version-history":[{"count":1,"href":"https:\/\/christliche-mitte.de\/index.php\/wp-json\/wp\/v2\/posts\/6267\/revisions"}],"predecessor-version":[{"id":6268,"href":"https:\/\/christliche-mitte.de\/index.php\/wp-json\/wp\/v2\/posts\/6267\/revisions\/6268"}],"wp:featuredmedia":[{"embeddable":true,"href":"https:\/\/christliche-mitte.de\/index.php\/wp-json\/wp\/v2\/media\/1651"}],"wp:attachment":[{"href":"https:\/\/christliche-mitte.de\/index.php\/wp-json\/wp\/v2\/media?parent=6267"}],"wp:term":[{"taxonomy":"category","embeddable":true,"href":"https:\/\/christliche-mitte.de\/index.php\/wp-json\/wp\/v2\/categories?post=6267"},{"taxonomy":"post_tag","embeddable":true,"href":"https:\/\/christliche-mitte.de\/index.php\/wp-json\/wp\/v2\/tags?post=6267"}],"curies":[{"name":"wp","href":"https:\/\/api.w.org\/{rel}","templated":true}]}}