{"id":6254,"date":"2022-02-27T09:17:07","date_gmt":"2022-02-27T07:17:07","guid":{"rendered":"https:\/\/christliche-mitte.de\/?p=6254"},"modified":"2022-02-27T09:17:09","modified_gmt":"2022-02-27T07:17:09","slug":"kanzler-scholz-will-impf-pflicht","status":"publish","type":"post","link":"https:\/\/christliche-mitte.de\/index.php\/2022\/02\/27\/kanzler-scholz-will-impf-pflicht\/","title":{"rendered":"Kanzler Scholz will Impf-Pflicht"},"content":{"rendered":"\n<p><strong>Ab 16. M\u00e4rz 2022 m\u00fcssen<\/strong> alle Pflegekr\u00e4fte, Rettungs-Sanit\u00e4ter und Angestellte in Arzt-Praxen gegen Corona geimpft sein. Sonst verlieren sie ihren Job.<\/p>\n\n\n\n<p><strong>Fachleute bef\u00fcrchten: <\/strong>Von den Impfgegnern wird jeder Zehnte seinen Beruf aufgeben. <strong>Doch diese Impfung ver\u00e4ndert die Gene, die von GOTT gegebene\u00a0 DNA.<\/strong> Die Liebesf\u00e4higkeit des Menschen leidet. Denn zum Testen der Impfstoffe dienen Zell-Linien get\u00f6teter Kleinstkinder. <strong>Doch der Tod kann niemals das Leben hervorbringen oder sch\u00fctzen.<\/strong> Das kann nur GOTT, der Sch\u00f6pfer des Lebens. <br><strong>IHN gilt es anzubeten und anzuflehen um Hilfe und Schutz. <\/strong>SEINE 10 Gebote m\u00fcssen gehalten werden um jeden Preis, denn nur dann ruht Segen auf unserem Tun.<strong> Menschen allein bekommen die Pandemie nicht in den Griff. <\/strong>Schon jetzt sind 4.000 deutsche Intensivbetten stillgelegt, da das Pflegepersonal knapp wird. Trotz Millionen Impfungen steigt die aktuelle Zahl der Corona-Kranken in Deutschland innerhalb eines Jahres (Dez. 20 \u2013 Dez. 21) um 826 auf fast 4.800. <br>Corona ist ein Strafgericht \u00fcber V\u00f6lker, die GOTTES Gebote nicht achten. ER ist das Leben. <strong>Wer \u2013 wie die Mehrheit der Minister \u2013 meint, der Hilfe GOTTES<\/strong> nicht zu bed\u00fcrfen, dessen Regierung ist eine Luftnummer. Setzen wir also allein auf JESUS CHRISTUS!\u00a0\u00a0\u00a0\u00a0\u00a0 <br>Pfr. W. Pietrek<\/p>\n\n\n\n<p>CM-Buch:<a href=\"https:\/\/christliche-mitte.de\/index.php\/produkt\/licht-und-kraft-fuer-jeden-tag\/\" data-type=\"product\" data-id=\"6236\"><strong> Licht und Kraft<\/strong> <strong>f\u00fcr jeden Tag<\/strong><\/a> (Gro\u00dfformat, Bilder, 640 S., 50 \u20ac)<\/p>\n","protected":false},"excerpt":{"rendered":"<p>Ab 16. M\u00e4rz 2022 m\u00fcssen alle Pflegekr\u00e4fte, Rettungs-Sanit\u00e4ter und Angestellte in Arzt-Praxen gegen Corona geimpft sein. Sonst verlieren sie ihren Job. Fachleute bef\u00fcrchten: Von den Impfgegnern wird jeder Zehnte seinen Beruf aufgeben. Doch diese Impfung ver\u00e4ndert die Gene, die von GOTT gegebene\u00a0 DNA. Die Liebesf\u00e4higkeit des Menschen leidet. Denn zum Testen der Impfstoffe dienen Zell-Linien&hellip;<\/p>\n","protected":false},"author":1,"featured_media":0,"comment_status":"closed","ping_status":"closed","sticky":true,"template":"","format":"standard","meta":{"footnotes":""},"categories":[348,4],"tags":[],"class_list":["post-6254","post","type-post","status-publish","format-standard","hentry","category-corona-zeiten","category-kurier-der-christlichen-mitte","no-post-thumbnail","entry"],"_links":{"self":[{"href":"https:\/\/christliche-mitte.de\/index.php\/wp-json\/wp\/v2\/posts\/6254","targetHints":{"allow":["GET"]}}],"collection":[{"href":"https:\/\/christliche-mitte.de\/index.php\/wp-json\/wp\/v2\/posts"}],"about":[{"href":"https:\/\/christliche-mitte.de\/index.php\/wp-json\/wp\/v2\/types\/post"}],"author":[{"embeddable":true,"href":"https:\/\/christliche-mitte.de\/index.php\/wp-json\/wp\/v2\/users\/1"}],"replies":[{"embeddable":true,"href":"https:\/\/christliche-mitte.de\/index.php\/wp-json\/wp\/v2\/comments?post=6254"}],"version-history":[{"count":1,"href":"https:\/\/christliche-mitte.de\/index.php\/wp-json\/wp\/v2\/posts\/6254\/revisions"}],"predecessor-version":[{"id":6255,"href":"https:\/\/christliche-mitte.de\/index.php\/wp-json\/wp\/v2\/posts\/6254\/revisions\/6255"}],"wp:attachment":[{"href":"https:\/\/christliche-mitte.de\/index.php\/wp-json\/wp\/v2\/media?parent=6254"}],"wp:term":[{"taxonomy":"category","embeddable":true,"href":"https:\/\/christliche-mitte.de\/index.php\/wp-json\/wp\/v2\/categories?post=6254"},{"taxonomy":"post_tag","embeddable":true,"href":"https:\/\/christliche-mitte.de\/index.php\/wp-json\/wp\/v2\/tags?post=6254"}],"curies":[{"name":"wp","href":"https:\/\/api.w.org\/{rel}","templated":true}]}}