{"id":6124,"date":"2022-02-01T18:46:28","date_gmt":"2022-02-01T16:46:28","guid":{"rendered":"https:\/\/christliche-mitte.de\/?p=6124"},"modified":"2022-02-02T11:36:07","modified_gmt":"2022-02-02T09:36:07","slug":"frischer-wind-in-berlin","status":"publish","type":"post","link":"https:\/\/christliche-mitte.de\/index.php\/2022\/02\/01\/frischer-wind-in-berlin\/","title":{"rendered":"Frischer Wind in Berlin"},"content":{"rendered":"\n<p>Kanzl<strong>er Olaf Scholz (SPD<\/strong>) spricht 90 Minuten lang in seiner 1. Regierungs-Erkl\u00e4rung: <strong>\u201eEs gibt f\u00fcr die Bundesregierung keine roten Linien.\u201c<\/strong> <br>Der Ton ist hart und unerbittlich. Eine Kampfansage.<\/p>\n\n\n\n<p><em>\u201eWir werden es uns nicht gefallen lassen, da\u00df eine winzige Minderheit von enthemmten Extremisten versucht, unserer gesamten Gesellschaft ihren Willen aufzuzwingen.\u201c <\/em><br><strong>Meint er die frommen und gottesf\u00fcrchtigen Menschen,<\/strong> die zu Tausenden in vielen St\u00e4dten Deutschlands <strong>gegen die allgemeine Impf-Pflicht in Pflege-Berufen<\/strong> ab M\u00e4rz 2022 friedlich demonstrieren?<br>Die Corona-Pandemie sei \u201ebeherrschbar, wenn sich gen\u00fcgend Menschen impfen lassen.\u201c <br><strong>Ist der Bundeskanzler der HERRGOTT,<\/strong> der die Macht \u00fcber Leben und Tod hat? <br>Wunderbar dagegen die vielen Rosenkranz-Beter in \u00d6sterreich &#8211; und mittlerweile auch in Deutschland &#8211; , die sich zu Tausenden an den Marien-S\u00e4ulen zusammenfinden, um GOTTES Gnade auf diese Erde herabzuflehen. <br>Dagegen das surreale Szenario in der Scholz-Rede<strong>: \u201eWenn mehr Menschen das Impfangebot wahrgenommen h\u00e4tten, dann h\u00e4tten wir die Pandemie jetzt im Griff.\u201c<\/strong><br>Der Kanzler scheint \u00fcbersehen zu haben, da\u00df Tausende von geimpften Menschen dennoch am Corona-Virus sterben.<br><em>K.R.<\/em><\/p>\n\n\n\n<p>CM-Buch: <strong>Ohne GOTT geht es nicht! <\/strong>(10 \u20ac<\/p>\n","protected":false},"excerpt":{"rendered":"<p>Kanzler Olaf Scholz (SPD) spricht 90 Minuten lang in seiner 1. Regierungs-Erkl\u00e4rung: \u201eEs gibt f\u00fcr die Bundesregierung keine roten Linien.\u201c Der Ton ist hart und unerbittlich. Eine Kampfansage. \u201eWir werden es uns nicht gefallen lassen, da\u00df eine winzige Minderheit von enthemmten Extremisten versucht, unserer gesamten Gesellschaft ihren Willen aufzuzwingen.\u201c Meint er die frommen und gottesf\u00fcrchtigen&hellip;<\/p>\n","protected":false},"author":1,"featured_media":6157,"comment_status":"closed","ping_status":"closed","sticky":true,"template":"","format":"standard","meta":{"footnotes":""},"categories":[72,348,4],"tags":[],"class_list":["post-6124","post","type-post","status-publish","format-standard","has-post-thumbnail","hentry","category-informationen-aus-der-politik","category-corona-zeiten","category-kurier-der-christlichen-mitte","entry"],"_links":{"self":[{"href":"https:\/\/christliche-mitte.de\/index.php\/wp-json\/wp\/v2\/posts\/6124","targetHints":{"allow":["GET"]}}],"collection":[{"href":"https:\/\/christliche-mitte.de\/index.php\/wp-json\/wp\/v2\/posts"}],"about":[{"href":"https:\/\/christliche-mitte.de\/index.php\/wp-json\/wp\/v2\/types\/post"}],"author":[{"embeddable":true,"href":"https:\/\/christliche-mitte.de\/index.php\/wp-json\/wp\/v2\/users\/1"}],"replies":[{"embeddable":true,"href":"https:\/\/christliche-mitte.de\/index.php\/wp-json\/wp\/v2\/comments?post=6124"}],"version-history":[{"count":1,"href":"https:\/\/christliche-mitte.de\/index.php\/wp-json\/wp\/v2\/posts\/6124\/revisions"}],"predecessor-version":[{"id":6126,"href":"https:\/\/christliche-mitte.de\/index.php\/wp-json\/wp\/v2\/posts\/6124\/revisions\/6126"}],"wp:featuredmedia":[{"embeddable":true,"href":"https:\/\/christliche-mitte.de\/index.php\/wp-json\/wp\/v2\/media\/6157"}],"wp:attachment":[{"href":"https:\/\/christliche-mitte.de\/index.php\/wp-json\/wp\/v2\/media?parent=6124"}],"wp:term":[{"taxonomy":"category","embeddable":true,"href":"https:\/\/christliche-mitte.de\/index.php\/wp-json\/wp\/v2\/categories?post=6124"},{"taxonomy":"post_tag","embeddable":true,"href":"https:\/\/christliche-mitte.de\/index.php\/wp-json\/wp\/v2\/tags?post=6124"}],"curies":[{"name":"wp","href":"https:\/\/api.w.org\/{rel}","templated":true}]}}