{"id":6113,"date":"2022-02-01T18:09:07","date_gmt":"2022-02-01T16:09:07","guid":{"rendered":"https:\/\/christliche-mitte.de\/?p=6113"},"modified":"2022-02-01T18:09:08","modified_gmt":"2022-02-01T16:09:08","slug":"putin-ein-friedens-zar","status":"publish","type":"post","link":"https:\/\/christliche-mitte.de\/index.php\/2022\/02\/01\/putin-ein-friedens-zar\/","title":{"rendered":"Putin, ein Friedens-Zar?"},"content":{"rendered":"\n<p><\/p>\n\n\n\n<p><strong>Bis 1991 geh\u00f6rte die Ukraine zur Sowjet-Union<\/strong>. Dann wurde sie selbst\u00e4ndig. Jetzt will Wladimir Putin (69) sie wiederhaben.<\/p>\n\n\n\n<p>Angst hat der Staats-Chef des heutigen Ru\u00dfland davor, da\u00df die Ukraine Mitglied der NATO wird. Um das zu verhindern, zieht er Truppen an der Grenze zusammen. Zugleich spricht er von Frieden und h\u00fcllt den Westen in Ungewi\u00dfheit. Doch seit 2014 starben in der Ost-Ukraine mehr als 13.000 Menschen, sch\u00e4tzt die UNO. Seit eineinhalb Jahren \u201eWaffenstillstand\u201c. Bereits 2014 erobert Ru\u00dfland die ukrainische Schwarzmeer-Halbinsel Krim. Dennoch wehrt sich Putin dagegen, Ru\u00dfland \u201eKonfliktpartei\u201c zu nennen oder gar mit Strafen zu belegen, wie es die EU tut. Fragen, ob Ru\u00dfland ins Nachbarland einmarschieren werde, weicht Putin aus: \u201eWir wollen unsere Sicherheit festigen.\u201c Doch Beitritts-Vorbereitungen zur NATO existieren f\u00fcr die Ukraine \u00fcberhaupt nicht. <br><br>CM-Buch: <strong><a href=\"http:\/\/Die Sowjetunion \u2013 Hintergrund-Informationen\">Die Sowjetunion \u2013 Hintergrund-Informationen<\/a><\/strong> (20 \u20ac)<\/p>\n","protected":false},"excerpt":{"rendered":"<p>Bis 1991 geh\u00f6rte die Ukraine zur Sowjet-Union. Dann wurde sie selbst\u00e4ndig. Jetzt will Wladimir Putin (69) sie wiederhaben. Angst hat der Staats-Chef des heutigen Ru\u00dfland davor, da\u00df die Ukraine Mitglied der NATO wird. Um das zu verhindern, zieht er Truppen an der Grenze zusammen. Zugleich spricht er von Frieden und h\u00fcllt den Westen in Ungewi\u00dfheit.&hellip;<\/p>\n","protected":false},"author":1,"featured_media":0,"comment_status":"closed","ping_status":"closed","sticky":true,"template":"","format":"standard","meta":{"footnotes":""},"categories":[72,4],"tags":[],"class_list":["post-6113","post","type-post","status-publish","format-standard","hentry","category-informationen-aus-der-politik","category-kurier-der-christlichen-mitte","no-post-thumbnail","entry"],"_links":{"self":[{"href":"https:\/\/christliche-mitte.de\/index.php\/wp-json\/wp\/v2\/posts\/6113","targetHints":{"allow":["GET"]}}],"collection":[{"href":"https:\/\/christliche-mitte.de\/index.php\/wp-json\/wp\/v2\/posts"}],"about":[{"href":"https:\/\/christliche-mitte.de\/index.php\/wp-json\/wp\/v2\/types\/post"}],"author":[{"embeddable":true,"href":"https:\/\/christliche-mitte.de\/index.php\/wp-json\/wp\/v2\/users\/1"}],"replies":[{"embeddable":true,"href":"https:\/\/christliche-mitte.de\/index.php\/wp-json\/wp\/v2\/comments?post=6113"}],"version-history":[{"count":1,"href":"https:\/\/christliche-mitte.de\/index.php\/wp-json\/wp\/v2\/posts\/6113\/revisions"}],"predecessor-version":[{"id":6114,"href":"https:\/\/christliche-mitte.de\/index.php\/wp-json\/wp\/v2\/posts\/6113\/revisions\/6114"}],"wp:attachment":[{"href":"https:\/\/christliche-mitte.de\/index.php\/wp-json\/wp\/v2\/media?parent=6113"}],"wp:term":[{"taxonomy":"category","embeddable":true,"href":"https:\/\/christliche-mitte.de\/index.php\/wp-json\/wp\/v2\/categories?post=6113"},{"taxonomy":"post_tag","embeddable":true,"href":"https:\/\/christliche-mitte.de\/index.php\/wp-json\/wp\/v2\/tags?post=6113"}],"curies":[{"name":"wp","href":"https:\/\/api.w.org\/{rel}","templated":true}]}}