{"id":6108,"date":"2022-02-01T17:55:11","date_gmt":"2022-02-01T15:55:11","guid":{"rendered":"https:\/\/christliche-mitte.de\/?p=6108"},"modified":"2022-02-01T17:57:53","modified_gmt":"2022-02-01T15:57:53","slug":"scharbel-machlufs-liebesgabe","status":"publish","type":"post","link":"https:\/\/christliche-mitte.de\/index.php\/2022\/02\/01\/scharbel-machlufs-liebesgabe\/","title":{"rendered":"Scharbel Machlufs Liebesgabe"},"content":{"rendered":"\n<p>Die Chronik des Klosters des hl. Maron zu Annaya im Libanongebirge verzeichnet folgenden Eintrag: \u201eAm 24. Dezember 1898 rief GOTT an sein gnadenreiches Herz den Einsiedler Pater Scharbel Machluf von Beka\u00b4kafra zur\u00fcck.\u201c<\/p>\n\n\n\n<p>Immer von neuem wurde von wunderbaren Ereignissen berichtet, von Gebetserh\u00f6rungen, Krankenheilungen, unerwarteter Hilfe in gro\u00dfer Not, die alle der F\u00fcrbitte des verstorbenen Einsiedlerm\u00f6nches zugeschrieben wurden. So meldete der Ordensobere, Abt Anton Al-Mishmishani, die unerkl\u00e4rlichen Vorkommnisse dem Patriarchen und erbat sich die Erlaubnis, das Grab Pater Scharbel Machlufs zu \u00f6ffnen und in eine neue, abgesonderte Gruft zu \u00fcbertragen. Als nun das gemeinsame Grab der M\u00f6nche von St. Maron zu Annaya ge\u00f6ffnet wurde, fand man Pater Scharbels Leichnam v\u00f6llig unverwest vor, genau so wie am Tage seines Hinscheidens. Ebenso waren seine M\u00f6nchskleider v\u00f6llig in Ordnung. Alle Anwesenden erkannten in der Leiche die des verstorbenen Pater Scharbel Machluf wieder. Der Leichnam wurde feierlich in einer Nische der Kloster-Kapelle beigesetzt. Der Leichnam war nicht blo\u00df v\u00f6llig unverwest, er gab auch eine blutgleiche Fl\u00fcssigkeit von sich. Ebenso war ein richtiger Blutgeruch in der ganzen Kapelle zu sp\u00fcren und wurde von allen Anwesenden w\u00e4hrend der erneuten Beisetzungsfeierlichkeit wahrgenommen. Man begann, sich noch mehr als bisher an ihn um F\u00fcrbitte bei GOTT zu wenden und ihm eine Reihe von Anliegen des allt\u00e4glichen Lebens vertrauensvoll vorzutragen. Die Zahl aller wunderbaren Begebenheiten von seinem Tode bis 1957 wird mit 1200 beziffert.<\/p>\n\n\n\n<p>\u00a0<em>Prof. Dr. Ernst Joseph G\u00f6rlich<\/em><\/p>\n\n\n\n<p>CM-Buch: <strong><a href=\"https:\/\/christliche-mitte.de\/index.php\/produkt\/wunder-heute-gott-ist-das\/\" data-type=\"product\" data-id=\"2070\">Wunder heute \u2013 GOTT ist da<\/a><\/strong> (5 \u20ac)<\/p>\n","protected":false},"excerpt":{"rendered":"<p>Die Chronik des Klosters des hl. Maron zu Annaya im Libanongebirge verzeichnet folgenden Eintrag: \u201eAm 24. Dezember 1898 rief GOTT an sein gnadenreiches Herz den Einsiedler Pater Scharbel Machluf von Beka\u00b4kafra zur\u00fcck.\u201c Immer von neuem wurde von wunderbaren Ereignissen berichtet, von Gebetserh\u00f6rungen, Krankenheilungen, unerwarteter Hilfe in gro\u00dfer Not, die alle der F\u00fcrbitte des verstorbenen Einsiedlerm\u00f6nches&hellip;<\/p>\n","protected":false},"author":1,"featured_media":6109,"comment_status":"closed","ping_status":"closed","sticky":true,"template":"","format":"standard","meta":{"footnotes":""},"categories":[71,4],"tags":[],"class_list":["post-6108","post","type-post","status-publish","format-standard","has-post-thumbnail","hentry","category-christus-glaube","category-kurier-der-christlichen-mitte","entry"],"_links":{"self":[{"href":"https:\/\/christliche-mitte.de\/index.php\/wp-json\/wp\/v2\/posts\/6108","targetHints":{"allow":["GET"]}}],"collection":[{"href":"https:\/\/christliche-mitte.de\/index.php\/wp-json\/wp\/v2\/posts"}],"about":[{"href":"https:\/\/christliche-mitte.de\/index.php\/wp-json\/wp\/v2\/types\/post"}],"author":[{"embeddable":true,"href":"https:\/\/christliche-mitte.de\/index.php\/wp-json\/wp\/v2\/users\/1"}],"replies":[{"embeddable":true,"href":"https:\/\/christliche-mitte.de\/index.php\/wp-json\/wp\/v2\/comments?post=6108"}],"version-history":[{"count":2,"href":"https:\/\/christliche-mitte.de\/index.php\/wp-json\/wp\/v2\/posts\/6108\/revisions"}],"predecessor-version":[{"id":6112,"href":"https:\/\/christliche-mitte.de\/index.php\/wp-json\/wp\/v2\/posts\/6108\/revisions\/6112"}],"wp:featuredmedia":[{"embeddable":true,"href":"https:\/\/christliche-mitte.de\/index.php\/wp-json\/wp\/v2\/media\/6109"}],"wp:attachment":[{"href":"https:\/\/christliche-mitte.de\/index.php\/wp-json\/wp\/v2\/media?parent=6108"}],"wp:term":[{"taxonomy":"category","embeddable":true,"href":"https:\/\/christliche-mitte.de\/index.php\/wp-json\/wp\/v2\/categories?post=6108"},{"taxonomy":"post_tag","embeddable":true,"href":"https:\/\/christliche-mitte.de\/index.php\/wp-json\/wp\/v2\/tags?post=6108"}],"curies":[{"name":"wp","href":"https:\/\/api.w.org\/{rel}","templated":true}]}}