{"id":6054,"date":"2022-01-05T22:26:23","date_gmt":"2022-01-05T20:26:23","guid":{"rendered":"https:\/\/christliche-mitte.de\/?p=6054"},"modified":"2022-01-05T22:26:25","modified_gmt":"2022-01-05T20:26:25","slug":"der-staat-steht-ueber-gott","status":"publish","type":"post","link":"https:\/\/christliche-mitte.de\/index.php\/2022\/01\/05\/der-staat-steht-ueber-gott\/","title":{"rendered":"\u201eDer Staat steht \u00fcber GOTT!\u201c"},"content":{"rendered":"\n<p>Frankreichs Innenminister Gerald Darmanin erkl\u00e4rt: \u201eDas Gesetz der Republik steht \u00fcber dem Gesetz GOTTES.\u201c<\/p>\n\n\n\n<p>Die Worte des Innenministers enth\u00fcllen die Gottlosigkeit der franz\u00f6sischen Regierung. Der Staat verabsolutiert sich selbst. Er macht sich zum G\u00f6tzen. Dasselbe geschieht allen Staaten, die brutal das Christentum und das Grundrecht auf Leben niedertrampeln. Der Christ wei\u00df, da\u00df ihn der Staat nicht vom Willen GOTTES freisprechen kann. Im Gegenteil: Der Staat mu\u00df die 10 Gebote in der Politik verwirklichen. Wer sich dennoch gegen GOTTES Gesetz erhebt, flieht vor seiner innersten Stimme, vor sich selbst. Wer aus falscher oder feiger R\u00fccksichtnahme nicht wagt, GOTT seine Zunge zu leihen, ist durch sein Schweigen an der Schuld anderer beteiligt. <br><\/p>\n\n\n\n<p>CM-Buch: <strong><a href=\"https:\/\/christliche-mitte.de\/index.php\/produkt\/ich-werde-nicht-schweigen\/\" data-type=\"product\" data-id=\"5885\">Ich werde nicht schweigen: Pater Rupert Mayer<\/a><\/strong> (5 \u20ac)<\/p>\n","protected":false},"excerpt":{"rendered":"<p>Frankreichs Innenminister Gerald Darmanin erkl\u00e4rt: \u201eDas Gesetz der Republik steht \u00fcber dem Gesetz GOTTES.\u201c Die Worte des Innenministers enth\u00fcllen die Gottlosigkeit der franz\u00f6sischen Regierung. Der Staat verabsolutiert sich selbst. Er macht sich zum G\u00f6tzen. Dasselbe geschieht allen Staaten, die brutal das Christentum und das Grundrecht auf Leben niedertrampeln. Der Christ wei\u00df, da\u00df ihn der Staat&hellip;<\/p>\n","protected":false},"author":1,"featured_media":0,"comment_status":"closed","ping_status":"closed","sticky":true,"template":"","format":"standard","meta":{"footnotes":""},"categories":[71,72,21,4],"tags":[],"class_list":["post-6054","post","type-post","status-publish","format-standard","hentry","category-christus-glaube","category-informationen-aus-der-politik","category-religionen","category-kurier-der-christlichen-mitte","no-post-thumbnail","entry"],"_links":{"self":[{"href":"https:\/\/christliche-mitte.de\/index.php\/wp-json\/wp\/v2\/posts\/6054","targetHints":{"allow":["GET"]}}],"collection":[{"href":"https:\/\/christliche-mitte.de\/index.php\/wp-json\/wp\/v2\/posts"}],"about":[{"href":"https:\/\/christliche-mitte.de\/index.php\/wp-json\/wp\/v2\/types\/post"}],"author":[{"embeddable":true,"href":"https:\/\/christliche-mitte.de\/index.php\/wp-json\/wp\/v2\/users\/1"}],"replies":[{"embeddable":true,"href":"https:\/\/christliche-mitte.de\/index.php\/wp-json\/wp\/v2\/comments?post=6054"}],"version-history":[{"count":1,"href":"https:\/\/christliche-mitte.de\/index.php\/wp-json\/wp\/v2\/posts\/6054\/revisions"}],"predecessor-version":[{"id":6055,"href":"https:\/\/christliche-mitte.de\/index.php\/wp-json\/wp\/v2\/posts\/6054\/revisions\/6055"}],"wp:attachment":[{"href":"https:\/\/christliche-mitte.de\/index.php\/wp-json\/wp\/v2\/media?parent=6054"}],"wp:term":[{"taxonomy":"category","embeddable":true,"href":"https:\/\/christliche-mitte.de\/index.php\/wp-json\/wp\/v2\/categories?post=6054"},{"taxonomy":"post_tag","embeddable":true,"href":"https:\/\/christliche-mitte.de\/index.php\/wp-json\/wp\/v2\/tags?post=6054"}],"curies":[{"name":"wp","href":"https:\/\/api.w.org\/{rel}","templated":true}]}}