{"id":5960,"date":"2021-12-05T00:08:12","date_gmt":"2021-12-04T22:08:12","guid":{"rendered":"https:\/\/christliche-mitte.de\/?p=5960"},"modified":"2021-12-05T00:19:06","modified_gmt":"2021-12-04T22:19:06","slug":"abtreibung-ist-kein-menschen-recht","status":"publish","type":"post","link":"https:\/\/christliche-mitte.de\/index.php\/2021\/12\/05\/abtreibung-ist-kein-menschen-recht\/","title":{"rendered":"Abtreibung ist kein \u201eMenschen-Recht\u201c!"},"content":{"rendered":"\n<p>Doch das Gegenteil beschlie\u00dft das Europ\u00e4ische Parlament am 24. Juni 2021. Das ist ein offener Bruch mit den 10 Geboten GOTTES, ein weiterer Schritt in den Atheismus und eine Kultur des Mordens.<\/p>\n\n\n\n<p>Etwa 2 Mio. Ungeborene werden in der EU j\u00e4hrlich im Mutterleib get\u00f6tet. Jetzt ist diese Kinds-T\u00f6tung ein \u201eRecht\u201c. Das aber ist vor GOTT ein Greuel, denn ER ist der Sch\u00f6pfer allen Lebens, der HERR \u00fcber Leben und Tod. Jedes Kind ist SEIN Abbild. Es hat eine Seele, die auf GOTT hin ausgerichtet ist. Jedes Kind ist ein Spiegelbild GOTTES, geschaffen, GOTT zu suchen und IHN zu verherrlichen, auf dieser Erde und danach in der Ewigkeit.<\/p>\n\n\n\n<p>Ein Zweites: Die EU verschweigt die seelischen Folgen und Leiden der Frauen, die ihr Kind t\u00f6ten. Oft leiden die Frauen bis zum Lebens-Ende unter ihrer Schuld und am sog. \u201ePost-Abortion-Syndrom\u201c. Helfen Sie mit, diesen verzweifelten Frauen die derzeit existierenden Hilfs-Organisationen zu nennen: \u201e<a href=\"http:\/\/www.aktionleben.de\"><strong>Aktion Leben<\/strong><\/a>\u201c in Weinheim und die \u201e<strong><a href=\"https:\/\/www.alfa-ev.de\/\">Aktion Lebensrecht f\u00fcr Alle<\/a><\/strong>\u201c, genannt ALFA e.V. Denn: Wenn ein Staat seine Kinder nicht sch\u00fctzt und GOTT nicht ehrt, wird er untergehen. \u201eWer zum Schwert greift, wird durch das Schwert umkommen!\u201c, mahnt JESUS seinen Apostel Petrus (Mt 26, 52)<br><em>Hartmut Mantel<\/em><\/p>\n\n\n\n<p>CM-Flyer: <strong><a href=\"https:\/\/christliche-mitte.de\/index.php\/2019\/03\/28\/rettet-die-kinder\/\" data-type=\"post\" data-id=\"2630\">Rettet die Kinder!<\/a><\/strong> (100 St\u00fcck 5 \u20ac)<\/p>\n","protected":false},"excerpt":{"rendered":"<p>Doch das Gegenteil beschlie\u00dft das Europ\u00e4ische Parlament am 24. Juni 2021. Das ist ein offener Bruch mit den 10 Geboten GOTTES, ein weiterer Schritt in den Atheismus und eine Kultur des Mordens. Etwa 2 Mio. Ungeborene werden in der EU j\u00e4hrlich im Mutterleib get\u00f6tet. Jetzt ist diese Kinds-T\u00f6tung ein \u201eRecht\u201c. Das aber ist vor GOTT&hellip;<\/p>\n","protected":false},"author":1,"featured_media":5965,"comment_status":"closed","ping_status":"closed","sticky":true,"template":"","format":"standard","meta":{"footnotes":""},"categories":[75,63,4],"tags":[],"class_list":["post-5960","post","type-post","status-publish","format-standard","has-post-thumbnail","hentry","category-familie","category-lebensschutz-aller-menschen","category-kurier-der-christlichen-mitte","entry"],"_links":{"self":[{"href":"https:\/\/christliche-mitte.de\/index.php\/wp-json\/wp\/v2\/posts\/5960","targetHints":{"allow":["GET"]}}],"collection":[{"href":"https:\/\/christliche-mitte.de\/index.php\/wp-json\/wp\/v2\/posts"}],"about":[{"href":"https:\/\/christliche-mitte.de\/index.php\/wp-json\/wp\/v2\/types\/post"}],"author":[{"embeddable":true,"href":"https:\/\/christliche-mitte.de\/index.php\/wp-json\/wp\/v2\/users\/1"}],"replies":[{"embeddable":true,"href":"https:\/\/christliche-mitte.de\/index.php\/wp-json\/wp\/v2\/comments?post=5960"}],"version-history":[{"count":1,"href":"https:\/\/christliche-mitte.de\/index.php\/wp-json\/wp\/v2\/posts\/5960\/revisions"}],"predecessor-version":[{"id":5961,"href":"https:\/\/christliche-mitte.de\/index.php\/wp-json\/wp\/v2\/posts\/5960\/revisions\/5961"}],"wp:featuredmedia":[{"embeddable":true,"href":"https:\/\/christliche-mitte.de\/index.php\/wp-json\/wp\/v2\/media\/5965"}],"wp:attachment":[{"href":"https:\/\/christliche-mitte.de\/index.php\/wp-json\/wp\/v2\/media?parent=5960"}],"wp:term":[{"taxonomy":"category","embeddable":true,"href":"https:\/\/christliche-mitte.de\/index.php\/wp-json\/wp\/v2\/categories?post=5960"},{"taxonomy":"post_tag","embeddable":true,"href":"https:\/\/christliche-mitte.de\/index.php\/wp-json\/wp\/v2\/tags?post=5960"}],"curies":[{"name":"wp","href":"https:\/\/api.w.org\/{rel}","templated":true}]}}