{"id":5776,"date":"2021-10-05T22:23:09","date_gmt":"2021-10-05T20:23:09","guid":{"rendered":"https:\/\/christliche-mitte.de\/?p=5776"},"modified":"2021-10-05T22:23:11","modified_gmt":"2021-10-05T20:23:11","slug":"afghanistan-in-der-burka","status":"publish","type":"post","link":"https:\/\/christliche-mitte.de\/index.php\/2021\/10\/05\/afghanistan-in-der-burka\/","title":{"rendered":"Afghanistan in der Burka"},"content":{"rendered":"\n<p>Die 10.000 NATO-Soldaten aus 36 Staaten sind aus Afghanistan abgezogen. Nach 25 Jahren erobern 60.000 islamistische Taliban gegen 300.000 einheimische Soldaten und Polizisten erneut das Land. Der Pr\u00e4sident flieht. Ebenso 1.700 Journalistinnen.<\/p>\n\n\n\n<p>Bereits 2020 ermorden die Taliban 8.000 Zivilisten. Wieder ist Frauen-Bildung und Arbeit au\u00dfer Haus verboten. Schlu\u00df mit Fernsehen, Musik, Tanz. <br>Statt dessen die Burka. <br>Religions-Polizei kontrolliert, verh\u00e4ngt Scharia-Strafen. Nicht mit Waffen ist der Islam zu besiegen, sondern in der Kraft des Glaubens mit dem Rosenkranz. <br><strong>Noch hat Deutschland etwas Zeit vor einer \u201eMacht-\u00dcbernahme\u201c durch den Islam. <\/strong><br><br>Aber es mu\u00df sich jetzt CHRISTUS unterwerfen.<br><br><em>CM-Buch: <strong><a href=\"https:\/\/christliche-mitte.de\/index.php\/produkt\/buch-verflucht-wer-uns-vergisst\/\" data-type=\"product\" data-id=\"4801\">Entronnen aus dem Todeslager <\/a><\/strong>(10 \u20ac)<\/em><\/p>\n","protected":false},"excerpt":{"rendered":"<p>Die 10.000 NATO-Soldaten aus 36 Staaten sind aus Afghanistan abgezogen. Nach 25 Jahren erobern 60.000 islamistische Taliban gegen 300.000 einheimische Soldaten und Polizisten erneut das Land. Der Pr\u00e4sident flieht. Ebenso 1.700 Journalistinnen. Bereits 2020 ermorden die Taliban 8.000 Zivilisten. Wieder ist Frauen-Bildung und Arbeit au\u00dfer Haus verboten. Schlu\u00df mit Fernsehen, Musik, Tanz. Statt dessen die&hellip;<\/p>\n","protected":false},"author":1,"featured_media":0,"comment_status":"closed","ping_status":"closed","sticky":true,"template":"","format":"standard","meta":{"footnotes":""},"categories":[139,21,4],"tags":[],"class_list":["post-5776","post","type-post","status-publish","format-standard","hentry","category-geschichte","category-religionen","category-kurier-der-christlichen-mitte","no-post-thumbnail","entry"],"_links":{"self":[{"href":"https:\/\/christliche-mitte.de\/index.php\/wp-json\/wp\/v2\/posts\/5776","targetHints":{"allow":["GET"]}}],"collection":[{"href":"https:\/\/christliche-mitte.de\/index.php\/wp-json\/wp\/v2\/posts"}],"about":[{"href":"https:\/\/christliche-mitte.de\/index.php\/wp-json\/wp\/v2\/types\/post"}],"author":[{"embeddable":true,"href":"https:\/\/christliche-mitte.de\/index.php\/wp-json\/wp\/v2\/users\/1"}],"replies":[{"embeddable":true,"href":"https:\/\/christliche-mitte.de\/index.php\/wp-json\/wp\/v2\/comments?post=5776"}],"version-history":[{"count":1,"href":"https:\/\/christliche-mitte.de\/index.php\/wp-json\/wp\/v2\/posts\/5776\/revisions"}],"predecessor-version":[{"id":5777,"href":"https:\/\/christliche-mitte.de\/index.php\/wp-json\/wp\/v2\/posts\/5776\/revisions\/5777"}],"wp:attachment":[{"href":"https:\/\/christliche-mitte.de\/index.php\/wp-json\/wp\/v2\/media?parent=5776"}],"wp:term":[{"taxonomy":"category","embeddable":true,"href":"https:\/\/christliche-mitte.de\/index.php\/wp-json\/wp\/v2\/categories?post=5776"},{"taxonomy":"post_tag","embeddable":true,"href":"https:\/\/christliche-mitte.de\/index.php\/wp-json\/wp\/v2\/tags?post=5776"}],"curies":[{"name":"wp","href":"https:\/\/api.w.org\/{rel}","templated":true}]}}