{"id":5759,"date":"2021-10-05T18:13:55","date_gmt":"2021-10-05T16:13:55","guid":{"rendered":"https:\/\/christliche-mitte.de\/?p=5759"},"modified":"2021-10-05T18:13:57","modified_gmt":"2021-10-05T16:13:57","slug":"fuenf-kardinaele-begehren-auf","status":"publish","type":"post","link":"https:\/\/christliche-mitte.de\/index.php\/2021\/10\/05\/fuenf-kardinaele-begehren-auf\/","title":{"rendered":"F\u00fcnf Kardin\u00e4le begehren auf"},"content":{"rendered":"\n<p>Der afrikanische Kardinal Robert Sarah bittet den Papst dem\u00fctig, die Anordnung \u201eLiturgischer Engpa\u00df\u201c (Mai-KURIER, S.1) zur\u00fcck\u00adzunehmen: Alte Me\u00dffeiern in St.Peter sind nur noch f\u00fcr je 30 Minuten in der Krypta erlaubt. Geht die Kirche in den Untergrund?<\/p>\n\n\n\n<p>Das Staatssekretariat des Papstes ist gar nicht zust\u00e4ndig. Trotzdem erteilt es diese Liturgie-Anordnung. Der deutsche Kardinal Gerhard M\u00fcller h\u00e4lt das herausgegebene Dokument f\u00fcr \u201eung\u00fcltig\u201c. Ebenso wendet sich Kardinal Walter Brandm\u00fcller gegen die Be\u00adstimmung.<\/p>\n\n\n\n<p>US-Kardinal Ro\u00adbert Burke be\u00adklagt, da\u00df damit t\u00e4glich nur vier Priester zur Einzel-Zelebration zugelassen sind. Kardinal Joseph Zen (90), Hongkong, ist voller \u201eSchmerz und Emp\u00f6rung\u201c \u00fcber das Verbot der Privatmessen in der Mutterkirche der Christenheit, obwohl St. Peter 45 Alt\u00e4re und 11 Kapellen z\u00e4hlt.<\/p>\n\n\n\n<p>3-CM-Benedikt XVI.-B\u00fccher (15 \u20ac)<\/p>\n","protected":false},"excerpt":{"rendered":"<p>Der afrikanische Kardinal Robert Sarah bittet den Papst dem\u00fctig, die Anordnung \u201eLiturgischer Engpa\u00df\u201c (Mai-KURIER, S.1) zur\u00fcck\u00adzunehmen: Alte Me\u00dffeiern in St.Peter sind nur noch f\u00fcr je 30 Minuten in der Krypta erlaubt. Geht die Kirche in den Untergrund? Das Staatssekretariat des Papstes ist gar nicht zust\u00e4ndig. Trotzdem erteilt es diese Liturgie-Anordnung. Der deutsche Kardinal Gerhard M\u00fcller&hellip;<\/p>\n","protected":false},"author":1,"featured_media":3482,"comment_status":"closed","ping_status":"closed","sticky":true,"template":"","format":"standard","meta":{"footnotes":""},"categories":[72,21,4],"tags":[],"class_list":["post-5759","post","type-post","status-publish","format-standard","has-post-thumbnail","hentry","category-informationen-aus-der-politik","category-religionen","category-kurier-der-christlichen-mitte","entry"],"_links":{"self":[{"href":"https:\/\/christliche-mitte.de\/index.php\/wp-json\/wp\/v2\/posts\/5759","targetHints":{"allow":["GET"]}}],"collection":[{"href":"https:\/\/christliche-mitte.de\/index.php\/wp-json\/wp\/v2\/posts"}],"about":[{"href":"https:\/\/christliche-mitte.de\/index.php\/wp-json\/wp\/v2\/types\/post"}],"author":[{"embeddable":true,"href":"https:\/\/christliche-mitte.de\/index.php\/wp-json\/wp\/v2\/users\/1"}],"replies":[{"embeddable":true,"href":"https:\/\/christliche-mitte.de\/index.php\/wp-json\/wp\/v2\/comments?post=5759"}],"version-history":[{"count":1,"href":"https:\/\/christliche-mitte.de\/index.php\/wp-json\/wp\/v2\/posts\/5759\/revisions"}],"predecessor-version":[{"id":5760,"href":"https:\/\/christliche-mitte.de\/index.php\/wp-json\/wp\/v2\/posts\/5759\/revisions\/5760"}],"wp:featuredmedia":[{"embeddable":true,"href":"https:\/\/christliche-mitte.de\/index.php\/wp-json\/wp\/v2\/media\/3482"}],"wp:attachment":[{"href":"https:\/\/christliche-mitte.de\/index.php\/wp-json\/wp\/v2\/media?parent=5759"}],"wp:term":[{"taxonomy":"category","embeddable":true,"href":"https:\/\/christliche-mitte.de\/index.php\/wp-json\/wp\/v2\/categories?post=5759"},{"taxonomy":"post_tag","embeddable":true,"href":"https:\/\/christliche-mitte.de\/index.php\/wp-json\/wp\/v2\/tags?post=5759"}],"curies":[{"name":"wp","href":"https:\/\/api.w.org\/{rel}","templated":true}]}}