{"id":5756,"date":"2021-10-04T22:16:07","date_gmt":"2021-10-04T20:16:07","guid":{"rendered":"https:\/\/christliche-mitte.de\/?p=5756"},"modified":"2021-10-04T22:16:09","modified_gmt":"2021-10-04T20:16:09","slug":"finnland-klagt-christin-an","status":"publish","type":"post","link":"https:\/\/christliche-mitte.de\/index.php\/2021\/10\/04\/finnland-klagt-christin-an\/","title":{"rendered":"Finnland klagt Christin an"},"content":{"rendered":"\n<p>Wegen \u201ekrimineller Hetze gegen eine Minderheit\u201c ist P\u00e4ivi R\u00e4s\u00e4nen, ehemalige Minsterin, angeklagt.\u00a0 Wiederholt bezeichnete sie praktizierte Homosexualit\u00e4t als \u201eS\u00fcnde\u201c.<\/p>\n\n\n\n<p>Die \u00c4rztin und Mutter von 5 Kindern wurde mehrmals stundenlang von der Polizei verh\u00f6rt. \u201eEs sei zwar gestattet, aus historischer Sicht zu zitieren, nicht aber deren Meinung zu vertreten.\u201c Frau R\u00e4\u00ads\u00e4nen antwortet: \u201eIch werde nicht klein beigeben. Je mehr wir als Christen zu kontroversen Themen schweigen, desto enger wird der Raum f\u00fcr die Redefreiheit in Finnland.\u201c <br><br>CM-Buch: Familie und Glaube (5 \u20ac)<\/p>\n","protected":false},"excerpt":{"rendered":"<p>Wegen \u201ekrimineller Hetze gegen eine Minderheit\u201c ist P\u00e4ivi R\u00e4s\u00e4nen, ehemalige Minsterin, angeklagt.\u00a0 Wiederholt bezeichnete sie praktizierte Homosexualit\u00e4t als \u201eS\u00fcnde\u201c. Die \u00c4rztin und Mutter von 5 Kindern wurde mehrmals stundenlang von der Polizei verh\u00f6rt. \u201eEs sei zwar gestattet, aus historischer Sicht zu zitieren, nicht aber deren Meinung zu vertreten.\u201c Frau R\u00e4\u00ads\u00e4nen antwortet: \u201eIch werde nicht klein&hellip;<\/p>\n","protected":false},"author":1,"featured_media":5757,"comment_status":"closed","ping_status":"closed","sticky":false,"template":"","format":"standard","meta":{"footnotes":""},"categories":[75,21,131,4],"tags":[],"class_list":["post-5756","post","type-post","status-publish","format-standard","has-post-thumbnail","hentry","category-familie","category-religionen","category-buecher","category-kurier-der-christlichen-mitte","entry"],"_links":{"self":[{"href":"https:\/\/christliche-mitte.de\/index.php\/wp-json\/wp\/v2\/posts\/5756","targetHints":{"allow":["GET"]}}],"collection":[{"href":"https:\/\/christliche-mitte.de\/index.php\/wp-json\/wp\/v2\/posts"}],"about":[{"href":"https:\/\/christliche-mitte.de\/index.php\/wp-json\/wp\/v2\/types\/post"}],"author":[{"embeddable":true,"href":"https:\/\/christliche-mitte.de\/index.php\/wp-json\/wp\/v2\/users\/1"}],"replies":[{"embeddable":true,"href":"https:\/\/christliche-mitte.de\/index.php\/wp-json\/wp\/v2\/comments?post=5756"}],"version-history":[{"count":1,"href":"https:\/\/christliche-mitte.de\/index.php\/wp-json\/wp\/v2\/posts\/5756\/revisions"}],"predecessor-version":[{"id":5758,"href":"https:\/\/christliche-mitte.de\/index.php\/wp-json\/wp\/v2\/posts\/5756\/revisions\/5758"}],"wp:featuredmedia":[{"embeddable":true,"href":"https:\/\/christliche-mitte.de\/index.php\/wp-json\/wp\/v2\/media\/5757"}],"wp:attachment":[{"href":"https:\/\/christliche-mitte.de\/index.php\/wp-json\/wp\/v2\/media?parent=5756"}],"wp:term":[{"taxonomy":"category","embeddable":true,"href":"https:\/\/christliche-mitte.de\/index.php\/wp-json\/wp\/v2\/categories?post=5756"},{"taxonomy":"post_tag","embeddable":true,"href":"https:\/\/christliche-mitte.de\/index.php\/wp-json\/wp\/v2\/tags?post=5756"}],"curies":[{"name":"wp","href":"https:\/\/api.w.org\/{rel}","templated":true}]}}