{"id":5658,"date":"2021-09-02T21:54:58","date_gmt":"2021-09-02T19:54:58","guid":{"rendered":"https:\/\/christliche-mitte.de\/?p=5658"},"modified":"2021-09-02T22:08:58","modified_gmt":"2021-09-02T20:08:58","slug":"ade-frau-merkel","status":"publish","type":"post","link":"https:\/\/christliche-mitte.de\/index.php\/2021\/09\/02\/ade-frau-merkel\/","title":{"rendered":"Ade, Frau Merkel"},"content":{"rendered":"\n<p>Nach 16 Jahren als deutsche Bundeskanzlerin verl\u00e4\u00dft Angela Merkel das sinkende Schiff. Da\u00df eine Inflation und eine Kultur-Revolution bevorstehen, daf\u00fcr tr\u00e4gt sie die Haupt-Verantwortung:<\/p>\n\n\n\n<p><strong>Sterbehilfe legalisiert,<\/strong><br><strong>Hunderte neuer Moscheen,<br>Sexualkunde in der Grundschule,<br>Gender-Sternchen in wachsender Zahl, <br>kein Kampf gegen Abtreibung usw. <br><br>Es bleibt zu fragen,<\/strong> wo das C in der CDU geblieben ist. <br><br><strong>Christsein hei\u00dft, GOTT an die erste Stelle zu setzen: <\/strong>Dazu geh\u00f6rt eine Ermutigung zu GOTTES-Diensten in der Coronazeit. Denn GOTT ist der einzige, der helfen kann, wo menschliche Mittel versagen. Da\u00df Frau Merkel als liberale Christin, in ihrer Politik GOTT aus den Augen verlor, ist fatal. <br>Da\u00df auch<strong> sie nur ein Kind der atheistisch-materialistischen Wohlstandsgesellschaft<\/strong> ist und kein zweiter Konrad Adenauer, haben die 16 Jahre gezeigt. <br><strong>Was CDU\/CSU jetzt brauchen,<\/strong> ist eine Wende hin zu GOTT um 180 Grad. <strong>Sonst schlittert Deutschland in eine gr\u00fcn-sozialistische Diktatur,<\/strong> die ihre eigenen Kinder fressen wird.<br>F\u00fcr Frau Merkel bleibt in den n\u00e4chsten Privat-Jahren noch Zeit, Frieden mit dem HERRGOTT zu schlie\u00dfen.<br><br>CM-Buch: <strong><a href=\"https:\/\/christliche-mitte.de\/index.php\/produkt\/grosse-deutsche\/\" data-type=\"product\" data-id=\"4330\">Gro\u00dfe Deutsche <\/a>(<\/strong>5 \u20ac)<\/p>\n","protected":false},"excerpt":{"rendered":"<p>Nach 16 Jahren als deutsche Bundeskanzlerin verl\u00e4\u00dft Angela Merkel das sinkende Schiff. Da\u00df eine Inflation und eine Kultur-Revolution bevorstehen, daf\u00fcr tr\u00e4gt sie die Haupt-Verantwortung: Sterbehilfe legalisiert,Hunderte neuer Moscheen,Sexualkunde in der Grundschule,Gender-Sternchen in wachsender Zahl, kein Kampf gegen Abtreibung usw. Es bleibt zu fragen, wo das C in der CDU geblieben ist. Christsein hei\u00dft, GOTT an&hellip;<\/p>\n","protected":false},"author":1,"featured_media":5661,"comment_status":"closed","ping_status":"closed","sticky":true,"template":"","format":"standard","meta":{"footnotes":""},"categories":[72,4],"tags":[],"class_list":["post-5658","post","type-post","status-publish","format-standard","has-post-thumbnail","hentry","category-informationen-aus-der-politik","category-kurier-der-christlichen-mitte","entry"],"_links":{"self":[{"href":"https:\/\/christliche-mitte.de\/index.php\/wp-json\/wp\/v2\/posts\/5658","targetHints":{"allow":["GET"]}}],"collection":[{"href":"https:\/\/christliche-mitte.de\/index.php\/wp-json\/wp\/v2\/posts"}],"about":[{"href":"https:\/\/christliche-mitte.de\/index.php\/wp-json\/wp\/v2\/types\/post"}],"author":[{"embeddable":true,"href":"https:\/\/christliche-mitte.de\/index.php\/wp-json\/wp\/v2\/users\/1"}],"replies":[{"embeddable":true,"href":"https:\/\/christliche-mitte.de\/index.php\/wp-json\/wp\/v2\/comments?post=5658"}],"version-history":[{"count":1,"href":"https:\/\/christliche-mitte.de\/index.php\/wp-json\/wp\/v2\/posts\/5658\/revisions"}],"predecessor-version":[{"id":5660,"href":"https:\/\/christliche-mitte.de\/index.php\/wp-json\/wp\/v2\/posts\/5658\/revisions\/5660"}],"wp:featuredmedia":[{"embeddable":true,"href":"https:\/\/christliche-mitte.de\/index.php\/wp-json\/wp\/v2\/media\/5661"}],"wp:attachment":[{"href":"https:\/\/christliche-mitte.de\/index.php\/wp-json\/wp\/v2\/media?parent=5658"}],"wp:term":[{"taxonomy":"category","embeddable":true,"href":"https:\/\/christliche-mitte.de\/index.php\/wp-json\/wp\/v2\/categories?post=5658"},{"taxonomy":"post_tag","embeddable":true,"href":"https:\/\/christliche-mitte.de\/index.php\/wp-json\/wp\/v2\/tags?post=5658"}],"curies":[{"name":"wp","href":"https:\/\/api.w.org\/{rel}","templated":true}]}}